{"id":202009,"date":"2025-12-25T14:09:16","date_gmt":"2025-12-25T14:09:16","guid":{"rendered":"https:\/\/www.europesays.com\/pt\/202009\/"},"modified":"2025-12-25T14:09:16","modified_gmt":"2025-12-25T14:09:16","slug":"nuances-superioridades-no-corredor-central-e-variabilidade-ofensiva-dos-leoes","status":"publish","type":"post","link":"https:\/\/www.europesays.com\/pt\/202009\/","title":{"rendered":"nuances, superioridades no corredor central e variabilidade ofensiva dos le\u00f5es"},"content":{"rendered":"<p>&#8211; Advertisement &#8211;<\/p>\n<p>A um dia da v\u00e9spera de Natal, o Sporting passou com distin\u00e7\u00e3o na sempre dif\u00edcil desloca\u00e7\u00e3o \u00e0 Cidade Ber\u00e7o. No encontro que marcou o fecho da 15.\u00aa jornada da Primeira Liga, a equipa comandada por Rui Borges goleou o Vit\u00f3ria SC por 4-1, consolidou o 2.\u00ba lugar da tabela classificativa e manteve a desvantagem de cinco pontos para o l\u00edder FC Porto.<\/p>\n<p>No plano t\u00e1tico, Rui Borges surpreendeu ao lan\u00e7ar, pela primeira vez esta temporada, a dupla Lu\u00eds Su\u00e1rez\u2013Fotis Ioannidis num jogo de elevada exig\u00eancia. Ainda assim, tendo em conta a capacidade de press\u00e3o alta do Vit\u00f3ria SC, fazia sentido que o Sporting procurasse explorar as costas da equipa de Lu\u00eds Pinto e a profundidade que poderia surgir em determinados momentos do encontro. Do outro lado, o t\u00e9cnico vimaranense manteve a sua habitual estrutura em 4-2-4 ou 4-4-2, consoante o bloco, mas tamb\u00e9m promoveu altera\u00e7\u00f5es na frente de ataque, com Oumar Camara a juntar-se a Alioune Ndoye.<\/p>\n<p>Apesar disso, e como o pr\u00f3prio Lu\u00eds Pinto referiu na flash interview, os primeiros 15 minutos foram particularmente dif\u00edceis para o Vit\u00f3ria SC, muito por culpa das din\u00e2micas impostas pelo Sporting e tamb\u00e9m por algum nervosismo evidente da equipa da casa. Perante esse cen\u00e1rio, o treinador acabou por ajustar a equipa e, numa tentativa de dar mais crit\u00e9rio \u00e0 posse, voltou a colocar Samu Silva na zona central \u2013 um jogador com maior capacidade para segurar a bola, algo que o Vit\u00f3ria precisava naquele momento. O conjunto minhoto regressou, assim, ao seu padr\u00e3o habitual, com Oumar a partir da direita e Alioune Ndoye a formar dupla de ataque com Samu Silva, sendo este \u00faltimo mais ativo na press\u00e3o e, com bola, a baixar no terreno para funcionar como terceiro elemento no corredor central.<\/p>\n<p><img fetchpriority=\"high\" decoding=\"async\" width=\"1024\" height=\"576\" src=\"data:image\/svg+xml,%3Csvg%20xmlns=\" http:=\"\" alt=\"\" class=\"wp-image-469867 ewww_webp_lazy_load\" data-lazy- data-lazy- data-lazy-src=\"https:\/\/www.europesays.com\/pt\/wp-content\/uploads\/2025\/12\/image00004-1-1024x576.jpeg\" data-lazy-src-webp=\"https:\/\/www.europesays.com\/pt\/wp-content\/uploads\/2025\/12\/image00004-1-1024x576.jpeg.webp\" data-lazy-srcset-webp=\"https:\/\/www.europesays.com\/pt\/wp-content\/uploads\/2025\/12\/image00004-1-1024x576.jpeg.webp 1024w, https:\/\/binny-bolanarede.b-cdn.net\/wp-content\/uploads\/2025\/12\/image00004-1-300x169.jpeg.webp 300w, https:\/\/binny-bolanarede.b-cdn.net\/wp-content\/uploads\/2025\/12\/image00004-1-768x432.jpeg.webp 768w, https:\/\/binny-bolanarede.b-cdn.net\/wp-content\/uploads\/2025\/12\/image00004-1-1536x864.jpeg.webp 1536w, https:\/\/binny-bolanarede.b-cdn.net\/wp-content\/uploads\/2025\/12\/image00004-1-150x84.jpeg.webp 150w, https:\/\/binny-bolanarede.b-cdn.net\/wp-content\/uploads\/2025\/12\/image00004-1-696x392.jpeg.webp 696w, https:\/\/binny-bolanarede.b-cdn.net\/wp-content\/uploads\/2025\/12\/image00004-1-1068x601.jpeg.webp 1068w, https:\/\/binny-bolanarede.b-cdn.net\/wp-content\/uploads\/2025\/12\/image00004-1.jpeg.webp 1920w\"\/>Fonte: Paulo Ladeira \/ Bola na Rede<\/p>\n<p>Do lado do Sporting, Francisco Trinc\u00e3o, que nos \u00faltimos jogos havia atuado mais por zonas interiores, voltou a partir do corredor direito frente ao Vit\u00f3ria SC. No entanto, nos primeiros 30 minutos \u2013 at\u00e9 ao primeiro golo, marcado precisamente pelo internacional portugu\u00eas \u2013 esteve muito fixo na largura e com pouco protagonismo, muito tamb\u00e9m porque Fotis Ioannidis, quando desca\u00eda, ocupava os espa\u00e7os onde Trinc\u00e3o costuma flutuar de fora para dentro. Quanto ao avan\u00e7ado grego, n\u00e3o surpreendeu pela capacidade de associa\u00e7\u00e3o com os m\u00e9dios e pela forma como baixava para zonas interiores, fruto da sua qualidade t\u00e9cnica e das din\u00e2micas que j\u00e1 apresentava no Panathinaikos nesse sentido.<\/p>\n<p>Ainda assim, e como Rui Borges referiu em resposta ao <strong>Bola na Rede<\/strong>, a partir do primeiro golo do Sporting a rela\u00e7\u00e3o entre Trinc\u00e3o e Ioannidis funcionou na perfei\u00e7\u00e3o. O extremo portugu\u00eas passou a interpretar melhor os movimentos do avan\u00e7ado, surgindo mais vezes por dentro, enquanto Ioannidis explorava a profundidade e as diagonais no corredor direito. Foi precisamente desse movimento de Trinc\u00e3o para zonas interiores que nasceu o segundo golo do Sporting, uma verdadeira obra de arte coletiva. Desde a sa\u00edda de bola desde tr\u00e1s, com a qualidade j\u00e1 conhecida de Eduardo Quaresma e Gon\u00e7alo In\u00e1cio na condu\u00e7\u00e3o e no passe, at\u00e9 \u00e0 forma como os le\u00f5es aproveitaram a profundidade do lado direito, com a subida de Ricardo Mangas para um cruzamento ex\u00edmio e o cabeceamento do ponta-de-lan\u00e7a grego.<\/p>\n<p>No corredor direito do Sporting, as din\u00e2micas revelaram-se igualmente muito bem trabalhadas, sobretudo no que toca \u00e0s fun\u00e7\u00f5es e caracter\u00edsticas de Ricardo Mangas, Maxi Ara\u00fajo e Jo\u00e3o Sim\u00f5es. A sintonia entre os tr\u00eas, especialmente na primeira parte, foi mais uma arma ofensiva do Sporting. Tendo em conta algumas dificuldades t\u00e9cnicas que Ricardo Mangas apresenta quando \u00e9 pressionado com bola, Jo\u00e3o Sim\u00f5es e o pr\u00f3prio Maxi Ara\u00fajo criaram constantemente condi\u00e7\u00f5es para potenciar as melhores caracter\u00edsticas do lateral, atrav\u00e9s de movimentos verticais e de tr\u00e1s para a frente no corredor esquerdo.<\/p>\n<p><img loading=\"lazy\" decoding=\"async\" width=\"1024\" height=\"576\" src=\"data:image\/svg+xml,%3Csvg%20xmlns=\" http:=\"\" alt=\"jogadores Sporting\" class=\"wp-image-469873 ewww_webp_lazy_load\" data-lazy- data-lazy- data-lazy-src=\"https:\/\/www.europesays.com\/pt\/wp-content\/uploads\/2025\/12\/image00002-1-1024x576.jpeg\" data-lazy-src-webp=\"https:\/\/www.europesays.com\/pt\/wp-content\/uploads\/2025\/12\/image00002-1-1024x576.jpeg.webp\" data-lazy-srcset-webp=\"https:\/\/www.europesays.com\/pt\/wp-content\/uploads\/2025\/12\/image00002-1-1024x576.jpeg.webp 1024w, https:\/\/binny-bolanarede.b-cdn.net\/wp-content\/uploads\/2025\/12\/image00002-1-300x169.jpeg.webp 300w, https:\/\/binny-bolanarede.b-cdn.net\/wp-content\/uploads\/2025\/12\/image00002-1-768x432.jpeg.webp 768w, https:\/\/binny-bolanarede.b-cdn.net\/wp-content\/uploads\/2025\/12\/image00002-1-1536x864.jpeg.webp 1536w, https:\/\/binny-bolanarede.b-cdn.net\/wp-content\/uploads\/2025\/12\/image00002-1-150x84.jpeg.webp 150w, https:\/\/binny-bolanarede.b-cdn.net\/wp-content\/uploads\/2025\/12\/image00002-1-696x392.jpeg.webp 696w, https:\/\/binny-bolanarede.b-cdn.net\/wp-content\/uploads\/2025\/12\/image00002-1-1068x601.jpeg.webp 1068w, https:\/\/binny-bolanarede.b-cdn.net\/wp-content\/uploads\/2025\/12\/image00002-1.jpeg.webp 1920w\"\/>Fonte: Paulo Ladeira \/ Bola na Rede<\/p>\n<p>Para que isso acontecesse, foi recorrente ver Jo\u00e3o Sim\u00f5es a lateralizar \u00e0 esquerda, cobrindo o espa\u00e7o deixado pelo lateral e arrastando um dos m\u00e9dios do Vit\u00f3ria SC, enquanto Maxi Ara\u00fajo flutuava para zonas interiores. Se Rui Borges j\u00e1 havia elogiado a agressividade e a capacidade do uruguaio para atacar a \u00faltima linha advers\u00e1ria, a verdade \u00e9 que Maxi voltou a demonstrar uma grande capacidade de associa\u00e7\u00e3o por dentro, criando constantes d\u00favidas nas refer\u00eancias defensivas do Vit\u00f3ria SC. Nota ainda para o excelente entendimento com Ricardo Mangas, quer na defini\u00e7\u00e3o de quem baixava para formar uma linha de quatro, quer, em alguns momentos, uma linha de cinco.<\/p>\n<p>Essa nuance foi particularmente importante tendo em conta o potencial perigo do lado direito do Vit\u00f3ria SC, sobretudo com as proje\u00e7\u00f5es de Miguel Maga. Rui Borges optou por colocar Maxi Ara\u00fajo a fechar o corredor esquerdo, formando uma linha de cinco em certos momentos para garantir uma maior coes\u00e3o defensiva. Numa altura em que o Sporting n\u00e3o pode contar com Pedro Gon\u00e7alves, Geny Catamo e Geovany Quenda, Maxi Ara\u00fajo oferece uma enorme variabilidade ao jogo leonino e assume-se, neste momento, como uma das pe\u00e7as mais importantes na manobra ofensiva da equipa.<\/p>\n<p>Com o Sporting a justificar plenamente a vantagem de dois golos ao intervalo, Lu\u00eds Pinto procurou dar maior agressividade ao corredor central \u2013 algo que faltou de forma evidente na primeira parte, sobretudo pela forma como o Sporting explorou os passes verticais e beneficiou da aus\u00eancia de coberturas eficazes. O t\u00e9cnico lan\u00e7ou Telmo Arcanjo e Diogo Sousa para os lugares de Oumar Camara e Matija Mitrovic, e as altera\u00e7\u00f5es tiveram efeito imediato.<\/p>\n<p><img loading=\"lazy\" decoding=\"async\" width=\"1024\" height=\"576\" src=\"data:image\/svg+xml,%3Csvg%20xmlns=\" http:=\"\" alt=\"Lu\u00eds Pinto\" class=\"wp-image-469870 ewww_webp_lazy_load\" data-lazy- data-lazy- data-lazy-src=\"https:\/\/www.europesays.com\/pt\/wp-content\/uploads\/2025\/12\/image00007-1-1024x576.jpeg\" data-lazy-src-webp=\"https:\/\/www.europesays.com\/pt\/wp-content\/uploads\/2025\/12\/image00007-1-1024x576.jpeg.webp\" data-lazy-srcset-webp=\"https:\/\/www.europesays.com\/pt\/wp-content\/uploads\/2025\/12\/image00007-1-1024x576.jpeg.webp 1024w, https:\/\/binny-bolanarede.b-cdn.net\/wp-content\/uploads\/2025\/12\/image00007-1-300x169.jpeg.webp 300w, https:\/\/binny-bolanarede.b-cdn.net\/wp-content\/uploads\/2025\/12\/image00007-1-768x432.jpeg.webp 768w, https:\/\/binny-bolanarede.b-cdn.net\/wp-content\/uploads\/2025\/12\/image00007-1-1536x864.jpeg.webp 1536w, https:\/\/binny-bolanarede.b-cdn.net\/wp-content\/uploads\/2025\/12\/image00007-1-150x84.jpeg.webp 150w, https:\/\/binny-bolanarede.b-cdn.net\/wp-content\/uploads\/2025\/12\/image00007-1-696x392.jpeg.webp 696w, https:\/\/binny-bolanarede.b-cdn.net\/wp-content\/uploads\/2025\/12\/image00007-1-1068x601.jpeg.webp 1068w, https:\/\/binny-bolanarede.b-cdn.net\/wp-content\/uploads\/2025\/12\/image00007-1.jpeg.webp 1920w\"\/>Fonte: Paulo Ladeira \/ Bola na Rede<\/p>\n<p>A atitude competitiva do Vit\u00f3ria SC mudou por completo no in\u00edcio da segunda parte, muito por for\u00e7a da entrada do extremo cabo-verdiano. Telmo Arcanjo marcou o golo dos vimaranenses aos 50 minutos, contando tamb\u00e9m com a ajuda de Rui Silva. Para al\u00e9m do golo, agitou o corredor direito e beneficiou das subidas de Miguel Maga, que encontrou maior conforto para se projetar no terreno na segunda metade. Ainda assim, e j\u00e1 que estamos em \u00e9poca natal\u00edcia, Juan Castillo acabou por n\u00e3o ter a melhor das a\u00e7\u00f5es e tamb\u00e9m ofereceu o terceiro golo ao Sporting, dissipando definitivamente quaisquer d\u00favidas quanto ao desfecho do encontro.<\/p>\n<p>Mais do que a exibi\u00e7\u00e3o em si, importa reconhecer o m\u00e9rito de Rui Borges pela forma como se adapta aos diferentes cen\u00e1rios que o jogo lhe oferece. O Sporting apresenta uma identidade muito bem vincada, assente na variabilidade ofensiva, na cria\u00e7\u00e3o de superioridades no corredor central e num jogo extremamente m\u00f3vel, com jogadores capazes de ocupar v\u00e1rias posi\u00e7\u00f5es sem comprometer o equil\u00edbrio defensivo. O t\u00e9cnico acrescenta din\u00e2micas diferentes a cada jogo e, mesmo com v\u00e1rias aus\u00eancias de peso, o Sporting continua a vencer e promete manter-se firme na luta pelo tricampeonato.<\/p>\n<p><img loading=\"lazy\" decoding=\"async\" width=\"1024\" height=\"576\" src=\"data:image\/svg+xml,%3Csvg%20xmlns=\" http:=\"\" alt=\"Rui Borges\" class=\"wp-image-469869 ewww_webp_lazy_load\" data-lazy- data-lazy- data-lazy-src=\"https:\/\/www.europesays.com\/pt\/wp-content\/uploads\/2025\/12\/image00006-1-1024x576.jpeg\" data-lazy-src-webp=\"https:\/\/www.europesays.com\/pt\/wp-content\/uploads\/2025\/12\/image00006-1-1024x576.jpeg.webp\" data-lazy-srcset-webp=\"https:\/\/www.europesays.com\/pt\/wp-content\/uploads\/2025\/12\/image00006-1-1024x576.jpeg.webp 1024w, https:\/\/binny-bolanarede.b-cdn.net\/wp-content\/uploads\/2025\/12\/image00006-1-300x169.jpeg.webp 300w, https:\/\/binny-bolanarede.b-cdn.net\/wp-content\/uploads\/2025\/12\/image00006-1-768x432.jpeg.webp 768w, https:\/\/binny-bolanarede.b-cdn.net\/wp-content\/uploads\/2025\/12\/image00006-1-1536x864.jpeg.webp 1536w, https:\/\/binny-bolanarede.b-cdn.net\/wp-content\/uploads\/2025\/12\/image00006-1-150x84.jpeg.webp 150w, https:\/\/binny-bolanarede.b-cdn.net\/wp-content\/uploads\/2025\/12\/image00006-1-696x392.jpeg.webp 696w, https:\/\/binny-bolanarede.b-cdn.net\/wp-content\/uploads\/2025\/12\/image00006-1-1068x601.jpeg.webp 1068w, https:\/\/binny-bolanarede.b-cdn.net\/wp-content\/uploads\/2025\/12\/image00006-1.jpeg.webp 1920w\"\/>Fonte: Paulo Ladeira \/ Bola na Rede<\/p>\n<p><strong>BnR na Confer\u00eancia de Imprensa<\/strong><\/p>\n<p><strong>Bola na Rede: At\u00e9 ao primeiro golo do Sporting, vimos um Francisco Trinc\u00e3o muito encostado \u00e0 linha, a dar largura, e o Ioannidis quando baixava no terreno era sobretudo por esse lado direito do Sporting. No entanto, a partir dos 30 minutos pareceu haver um maior entendimento entre os dois, com altern\u00e2ncia de posi\u00e7\u00f5es, com o Trinc\u00e3o a vir mais dentro, Fotis a explorar mais a profundidade. Gostava de lhe perguntar se isso fazia parte da estrat\u00e9gia inicial ou se resultou desse maior entendimento em campo. Por outro lado, qu\u00e3o importantes foram hoje os movimentos do Maxi Ara\u00fajo e do Fotis Ioannidis para criar superioridades na zona central e ligar o jogo ofensivo do Sporting?<\/strong><\/p>\n<p><strong>Rui Borges:<\/strong> Muito bem! \u00c9s treinador nos tempos livres? Boa leitura. Sim, procur\u00e1mos dar maior altern\u00e2ncia e essa mobilidade que a equipa tem existe sempre, n\u00e3o s\u00f3 para este jogo, mas para todos os momentos. Os jogadores sabem que podem ocupar as zonas uns dos outros, desde que a equipa esteja organizada e equilibrada e tenha jogadores nos espa\u00e7os onde deve ter. A liga\u00e7\u00e3o entre o Trinc\u00e3o e o Ioannidis \u00e9 muito boa, at\u00e9 nos treinos. H\u00e1 uma liga\u00e7\u00e3o natural entre os dois e isso \u00e9 positivo. Em rela\u00e7\u00e3o aos jogadores baixarem, tem muito a ver com a nossa ideia de jogo e com aquilo que t\u00eam sido as nossas din\u00e2micas, apenas com jogadores diferentes. \u00c0s vezes est\u00e1 o Pote, hoje esteve o Maxi e fez um bel\u00edssimo jogo novamente, com a\u00e7\u00f5es que n\u00e3o tinha feito no seu in\u00edcio de \u00e9poca, mas tem sido espetacular naquilo que faz. \u00c9 importante esse jogo interior, essas superioridades, porque depois a qualidade individual vem ao de cima em algum momento e vamos conseguir ferir o advers\u00e1rio. Foi um bocadinho isso, uma boa leitura.<\/p>\n<blockquote class=\"instagram-media\" data-instgrm-captioned=\"\" data-instgrm-permalink=\"https:\/\/www.instagram.com\/reel\/DSn_OQ_DDDZ\/?utm_source=ig_embed&amp;utm_campaign=loading\" data-instgrm-version=\"14\" style=\" background:#FFF; border:0; border-radius:3px; box-shadow:0 0 1px 0 rgba(0,0,0,0.5),0 1px 10px 0 rgba(0,0,0,0.15); margin: 1px; max-width:540px; min-width:326px; padding:0; width:99.375%; width:-webkit-calc(100% - 2px); width:calc(100% - 2px);\"\/>\n<p><script async src=\"\/\/www.instagram.com\/embed.js\"><\/script><\/p>\n","protected":false},"excerpt":{"rendered":"&#8211; Advertisement &#8211; A um dia da v\u00e9spera de Natal, o Sporting passou com distin\u00e7\u00e3o na sempre dif\u00edcil&hellip;\n","protected":false},"author":2,"featured_media":202010,"comment_status":"","ping_status":"","sticky":false,"template":"","format":"standard","meta":{"footnotes":""},"categories":[87],"tags":[135,478,3467,835,32,479,33,3880,34,134,5321],"class_list":{"0":"post-202009","1":"post","2":"type-post","3":"status-publish","4":"format-standard","5":"has-post-thumbnail","7":"category-desporto","8":"tag-desporto","9":"tag-destaques-bnr","10":"tag-luis-pinto","11":"tag-opiniao","12":"tag-portugal","13":"tag-primeira-liga","14":"tag-pt","15":"tag-rui-borges","16":"tag-sporting","17":"tag-sports","18":"tag-vitoria-sc"},"share_on_mastodon":{"url":"https:\/\/pubeurope.com\/@pt\/115780607221732880","error":""},"_links":{"self":[{"href":"https:\/\/www.europesays.com\/pt\/wp-json\/wp\/v2\/posts\/202009","targetHints":{"allow":["GET"]}}],"collection":[{"href":"https:\/\/www.europesays.com\/pt\/wp-json\/wp\/v2\/posts"}],"about":[{"href":"https:\/\/www.europesays.com\/pt\/wp-json\/wp\/v2\/types\/post"}],"author":[{"embeddable":true,"href":"https:\/\/www.europesays.com\/pt\/wp-json\/wp\/v2\/users\/2"}],"replies":[{"embeddable":true,"href":"https:\/\/www.europesays.com\/pt\/wp-json\/wp\/v2\/comments?post=202009"}],"version-history":[{"count":0,"href":"https:\/\/www.europesays.com\/pt\/wp-json\/wp\/v2\/posts\/202009\/revisions"}],"wp:featuredmedia":[{"embeddable":true,"href":"https:\/\/www.europesays.com\/pt\/wp-json\/wp\/v2\/media\/202010"}],"wp:attachment":[{"href":"https:\/\/www.europesays.com\/pt\/wp-json\/wp\/v2\/media?parent=202009"}],"wp:term":[{"taxonomy":"category","embeddable":true,"href":"https:\/\/www.europesays.com\/pt\/wp-json\/wp\/v2\/categories?post=202009"},{"taxonomy":"post_tag","embeddable":true,"href":"https:\/\/www.europesays.com\/pt\/wp-json\/wp\/v2\/tags?post=202009"}],"curies":[{"name":"wp","href":"https:\/\/api.w.org\/{rel}","templated":true}]}}