{"id":202101,"date":"2025-12-25T16:18:11","date_gmt":"2025-12-25T16:18:11","guid":{"rendered":"https:\/\/www.europesays.com\/pt\/202101\/"},"modified":"2025-12-25T16:18:11","modified_gmt":"2025-12-25T16:18:11","slug":"video-cristiano-ronaldo-mostra-como-foi-o-seu-natal","status":"publish","type":"post","link":"https:\/\/www.europesays.com\/pt\/202101\/","title":{"rendered":"V\u00cdDEO: Cristiano Ronaldo mostra como foi o seu Natal"},"content":{"rendered":"<p>Cristiano Ronaldo mostrou um pouco do seu Natal na Ar\u00e1bia Saudita e revelou um v\u00eddeo em fam\u00edlia, onde aparece na sua mans\u00e3o a conviver com os seis filhos, num momento captado pela sua companheira Georgina Rodr\u00edguez.<\/p>\n<p>Tudo ao som de um dos temas mais tocados em todos os Natais: o cl\u00e1ssico \u00abLast Christmas\u00bb, dos \u00abWham!\u00bb, cantado por George Michael, e com\u00a0direito a uma mensagem para todos os seus seguidores.<\/p>\n<p>\u00abEsperan\u00e7a que se renova, amor que abra\u00e7a, fam\u00edlia que apoia e luz que guia. Feliz Natal\u00bb, escreveu a estrela da Sele\u00e7\u00e3o Nacional e do Al Nassr, <a href=\"https:\/\/maisfutebol.iol.pt\/made-in\/al-nassr\/video-al-nassr-goleia-com-grande-golo-construido-por-felix-e-ronaldo\" rel=\"nofollow noopener\" target=\"_blank\">horas depois de ter participado no jogo da sua equipa da Champions 2 asi\u00e1tica, onde brilhou com uma assist\u00eancia incr\u00edvel para Jo\u00e3o F\u00e9lix<\/a>.<\/p>\n<p><strong>Ora veja:<\/strong><\/p>\n","protected":false},"excerpt":{"rendered":"Cristiano Ronaldo mostrou um pouco do seu Natal na Ar\u00e1bia Saudita e revelou um v\u00eddeo em fam\u00edlia, onde&hellip;\n","protected":false},"author":2,"featured_media":202102,"comment_status":"","ping_status":"","sticky":false,"template":"","format":"standard","meta":{"footnotes":""},"categories":[87],"tags":[667,135,981,1015,46,7660,7561,32,33,47,134],"class_list":{"0":"post-202101","1":"post","2":"type-post","3":"status-publish","4":"format-standard","5":"has-post-thumbnail","7":"category-desporto","8":"tag-cristiano-ronaldo","9":"tag-desporto","10":"tag-familia","11":"tag-instagram","12":"tag-maisfutebol","13":"tag-mf-social","14":"tag-natal","15":"tag-portugal","16":"tag-pt","17":"tag-pura-paixao","18":"tag-sports"},"share_on_mastodon":{"url":"https:\/\/pubeurope.com\/@pt\/115781114469781411","error":""},"_links":{"self":[{"href":"https:\/\/www.europesays.com\/pt\/wp-json\/wp\/v2\/posts\/202101","targetHints":{"allow":["GET"]}}],"collection":[{"href":"https:\/\/www.europesays.com\/pt\/wp-json\/wp\/v2\/posts"}],"about":[{"href":"https:\/\/www.europesays.com\/pt\/wp-json\/wp\/v2\/types\/post"}],"author":[{"embeddable":true,"href":"https:\/\/www.europesays.com\/pt\/wp-json\/wp\/v2\/users\/2"}],"replies":[{"embeddable":true,"href":"https:\/\/www.europesays.com\/pt\/wp-json\/wp\/v2\/comments?post=202101"}],"version-history":[{"count":0,"href":"https:\/\/www.europesays.com\/pt\/wp-json\/wp\/v2\/posts\/202101\/revisions"}],"wp:featuredmedia":[{"embeddable":true,"href":"https:\/\/www.europesays.com\/pt\/wp-json\/wp\/v2\/media\/202102"}],"wp:attachment":[{"href":"https:\/\/www.europesays.com\/pt\/wp-json\/wp\/v2\/media?parent=202101"}],"wp:term":[{"taxonomy":"category","embeddable":true,"href":"https:\/\/www.europesays.com\/pt\/wp-json\/wp\/v2\/categories?post=202101"},{"taxonomy":"post_tag","embeddable":true,"href":"https:\/\/www.europesays.com\/pt\/wp-json\/wp\/v2\/tags?post=202101"}],"curies":[{"name":"wp","href":"https:\/\/api.w.org\/{rel}","templated":true}]}}