{"id":202143,"date":"2025-12-25T17:05:23","date_gmt":"2025-12-25T17:05:23","guid":{"rendered":"https:\/\/www.europesays.com\/pt\/202143\/"},"modified":"2025-12-25T17:05:23","modified_gmt":"2025-12-25T17:05:23","slug":"nasa-mostra-ceia-de-astronautas-em-estacao-espacial","status":"publish","type":"post","link":"https:\/\/www.europesays.com\/pt\/202143\/","title":{"rendered":"Nasa mostra ceia de astronautas em esta\u00e7\u00e3o espacial"},"content":{"rendered":"<p class=\"texto\">A ag\u00eancia espacial norte-americana, a Nasa, compartilhou registros de ceias e decora\u00e7\u00f5es natalinas na Esta\u00e7\u00e3o Espacial Internacional (ISS, na sigla em ingl\u00eas). &#8220;Desde decorar a esta\u00e7\u00e3o at\u00e9 partilhar guloseimas de <a href=\"https:\/\/www.correiobraziliense.com.br\/cidades-df\/2025\/12\/7320141-um-conto-de-natal-moderno.html\" target=\"_blank\" rel=\"nofollow noopener\">Natal<\/a>, as equipas em \u00f3rbita celebram as festas como fazem na Terra&#8221;, disse a Nasa, na noite de quarta-feira (24\/12).<\/p>\n<p class=\"texto\">A primeira foto mostra os astronautas Nick Hague e Suni Williams compartilhando alguns lanches a bordo da Esta\u00e7\u00e3o Espacial Internacional, vestidos com roupas natalinas. A segunda foto \u00e9 uma selfie tirada pela tripula\u00e7\u00e3o da Expedi\u00e7\u00e3o 68. O terceiro registro \u00e9\u00a0uma foto de seis meias de Natal penduradas na esta\u00e7\u00e3o espacial\u00a0\u2014 uma para cada tripulante da Expedi\u00e7\u00e3o 34.<\/p>\n<p class=\"texto\">\n<p class=\"texto\">Na quarta foto aparecem\u00a0integrantes da\u00a0tripula\u00e7\u00e3o da Expedi\u00e7\u00e3o 64: as astronautas da Nasa Jessica Meir e Christina Koch; os astronautas da Roscosmos Oleg Skripochka e Alexander Skvortsov, o astronauta da Nasa Drew Morgan e Luca Parmitano da Ag\u00eancia Espacial Europeia (ESA). J\u00e1 a \u00faltima foto mostra\u00a0quatro membros da tripula\u00e7\u00e3o da Expedi\u00e7\u00e3o 70: Jasmin Moghbeli, Loral O&#8217;Hara, Koichi Wakata e Andreas Mogensen.<\/p>\n<p class=\"texto\">&#8220;Os nossos astronautas a bordo do ISS\u00a0est\u00e3o sempre ocupados a conduzir pesquisas para promover a explora\u00e7\u00e3o e melhorar as nossas vidas no terreno, mas isso n\u00e3o significa que n\u00e3o possam dispensar algum tempo para festividades&#8221;, disse a Nasa.<\/p>\n<p class=\"texto\"><strong><a href=\"https:\/\/whatsapp.com\/channel\/0029VaB1U9a002T64ex1Sy2w\" rel=\"nofollow noopener\" target=\"_blank\">Siga o canal do Correio no WhatsApp e receba as principais not\u00edcias do dia no seu celular<\/a><\/strong><\/p>\n<ul>\n<li><a href=\"https:\/\/wa.me\/?text=Natal+no+espa%C3%A7o%3A+Nasa+mostra+ceia+de+astronautas+em+esta%C3%A7%C3%A3o+espacial%20https:\/\/www.correiobraziliense.com.br\/ciencia-e-saude\/2025\/12\/7320808-natal-no-espaco-nasa-mostra-ceia-de-astronautas-em-estacao-espacial.html\" target=\"_blank\" title=\"Whatsapp\" aria-label=\"WhatsApp\" rel=\"nofollow noopener\"><\/a><\/li>\n<li><a href=\"https:\/\/www.facebook.com\/sharer.php?u=https:\/\/www.correiobraziliense.com.br%2Fciencia-e-saude%2F2025%2F12%2F7320808-natal-no-espaco-nasa-mostra-ceia-de-astronautas-em-estacao-espacial.html&amp;text=Natal+no+espa%C3%A7o%3A+Nasa+mostra+ceia+de+astronautas+em+esta%C3%A7%C3%A3o+espacial\" target=\"_blank\" title=\"Facebook\" aria-label=\"Facebook\" rel=\"nofollow noopener\"><\/a><\/li>\n<li><a href=\"https:\/\/twitter.com\/intent\/tweet?url=https:\/\/www.correiobraziliense.com.br%2Fciencia-e-saude%2F2025%2F12%2F7320808-natal-no-espaco-nasa-mostra-ceia-de-astronautas-em-estacao-espacial.html&amp;text=Natal+no+espa%C3%A7o%3A+Nasa+mostra+ceia+de+astronautas+em+esta%C3%A7%C3%A3o+espacial\" target=\"_blank\" title=\"Twitter\" aria-label=\"Twitter\" rel=\"nofollow noopener\"><\/a><\/li>\n<li><a href=\"https:\/\/profile.google.com\/cp\/CgovbS8wNzZ0dms1\" title=\"Google Discover\" target=\"_blank\" aria-label=\"Google Discover\" rel=\"nofollow noopener\"><img decoding=\"async\" src=\"https:\/\/www.europesays.com\/pt\/wp-content\/uploads\/2025\/12\/google-discover-icon.png\" style=\"height: 25px; margin: 0 !important; margin-left: 3px;\" alt=\"Google Discover Icon\"\/><\/a><\/li>\n<\/ul>\n<p>              <a href=\"https:\/\/www.correiobraziliense.com.br\/autor\/aline-gouveia\/page\/1\/\" style=\"height: 100%;\" rel=\"nofollow noopener\" target=\"_blank\"><img decoding=\"async\" class=\"hidden-print author-circle d-block h6 mt-0 mb-0 mr-6 text-center\" src=\"https:\/\/www.europesays.com\/pt\/wp-content\/uploads\/2025\/09\/aline_gouveia-29856318.png\" alt=\"\" width=\"40\" height=\"40\" loading=\"lazy\" style=\"object-fit:cover; width: 40px; height: 40px; margin-right:10px;\"\/><\/a><a href=\"https:\/\/www.correiobraziliense.com.br\/autor\/aline-gouveia\/page\/1\/\" rel=\"nofollow noopener\" target=\"_blank\"><img decoding=\"async\" class=\"hidden-print author-circle d-block h6 mt-0 mb-0 mr-6 text-center\" src=\"https:\/\/www.europesays.com\/pt\/wp-content\/uploads\/2025\/09\/aline_gouveia-29856318.png\" alt=\"\" width=\"40\" height=\"40\" loading=\"lazy\" style=\"object-fit:cover; width: 40px; height: 40px; margin-right:10px;\"\/><\/a>Aline Gouveia  <strong class=\"entryStrongAuthor\">Rep\u00f3rter<\/strong><\/p>\n<p class=\"entryDescricaoAuthor\">Jornalista formada pelo Centro Universit\u00e1rio IESB. Apaixonada por boas hist\u00f3rias e interessada em pautas sobre sa\u00fade mental e direitos humanos.<\/p>\n<p>                          <script async src=\"https:\/\/platform.twitter.com\/widgets.js\" charset=\"utf-8\"><\/script><\/p>\n","protected":false},"excerpt":{"rendered":"A ag\u00eancia espacial norte-americana, a Nasa, compartilhou registros de ceias e decora\u00e7\u00f5es natalinas na Esta\u00e7\u00e3o Espacial Internacional (ISS,&hellip;\n","protected":false},"author":2,"featured_media":202144,"comment_status":"","ping_status":"","sticky":false,"template":"","format":"standard","meta":{"footnotes":""},"categories":[84],"tags":[8071,109,107,108,1008,1149,32,33,105,103,104,106,110],"class_list":{"0":"post-202143","1":"post","2":"type-post","3":"status-publish","4":"format-standard","5":"has-post-thumbnail","7":"category-ciencia-e-tecnologia","8":"tag-astronautas","9":"tag-ciencia","10":"tag-ciencia-e-tecnologia","11":"tag-cienciaetecnologia","12":"tag-espaco","13":"tag-nasa","14":"tag-portugal","15":"tag-pt","16":"tag-science","17":"tag-science-and-technology","18":"tag-scienceandtechnology","19":"tag-technology","20":"tag-tecnologia"},"share_on_mastodon":{"url":"https:\/\/pubeurope.com\/@pt\/115781299798778818","error":""},"_links":{"self":[{"href":"https:\/\/www.europesays.com\/pt\/wp-json\/wp\/v2\/posts\/202143","targetHints":{"allow":["GET"]}}],"collection":[{"href":"https:\/\/www.europesays.com\/pt\/wp-json\/wp\/v2\/posts"}],"about":[{"href":"https:\/\/www.europesays.com\/pt\/wp-json\/wp\/v2\/types\/post"}],"author":[{"embeddable":true,"href":"https:\/\/www.europesays.com\/pt\/wp-json\/wp\/v2\/users\/2"}],"replies":[{"embeddable":true,"href":"https:\/\/www.europesays.com\/pt\/wp-json\/wp\/v2\/comments?post=202143"}],"version-history":[{"count":0,"href":"https:\/\/www.europesays.com\/pt\/wp-json\/wp\/v2\/posts\/202143\/revisions"}],"wp:featuredmedia":[{"embeddable":true,"href":"https:\/\/www.europesays.com\/pt\/wp-json\/wp\/v2\/media\/202144"}],"wp:attachment":[{"href":"https:\/\/www.europesays.com\/pt\/wp-json\/wp\/v2\/media?parent=202143"}],"wp:term":[{"taxonomy":"category","embeddable":true,"href":"https:\/\/www.europesays.com\/pt\/wp-json\/wp\/v2\/categories?post=202143"},{"taxonomy":"post_tag","embeddable":true,"href":"https:\/\/www.europesays.com\/pt\/wp-json\/wp\/v2\/tags?post=202143"}],"curies":[{"name":"wp","href":"https:\/\/api.w.org\/{rel}","templated":true}]}}