{"id":202208,"date":"2025-12-25T18:12:10","date_gmt":"2025-12-25T18:12:10","guid":{"rendered":"https:\/\/www.europesays.com\/pt\/202208\/"},"modified":"2025-12-25T18:12:10","modified_gmt":"2025-12-25T18:12:10","slug":"deves-ter-algum-disturbio-qualquer","status":"publish","type":"post","link":"https:\/\/www.europesays.com\/pt\/202208\/","title":{"rendered":"Deves ter algum dist\u00farbio qualquer&#8230;"},"content":{"rendered":"<p>\t\t\t\t\t\t\t\t\t\t\t\t\t\tA tarde desta quarta-feira, 24 de dezembro, devia ser de paz, mas o ambiente na casa aqueceu rapidamente.<\/p>\n<p data-path-to-node=\"3\">Durante uma din\u00e2mica onde os concorrentes escreveram algumas cartas, Marisa partilhou o seu texto, lamentando a dist\u00e2ncia dos filhos.<\/p>\n<p data-path-to-node=\"4\"><strong>\u201cEste ano o Natal vem com sabor diferente, estou longe da fam\u00edlia e dos meus filhos que s\u00e3o o melhor que eu tenho\u201d<\/strong>, leu a concorrente, emocionada.<\/p>\n<p data-path-to-node=\"5\">Liliana n\u00e3o resistiu a comentar e lan\u00e7ou a provoca\u00e7\u00e3o imediata: <strong>\u201cMerece ganhar porque est\u00e1 longe da fam\u00edlia? Estamos todos\u201d<\/strong>.<\/p>\n<p data-path-to-node=\"6\">O coment\u00e1rio fez \u201csaltar a tampa\u201d a Marisa, que contra-atacou ferozmente: <strong>\u201cPorque \u00e9 que n\u00e3o escreves isso na tua carta tamb\u00e9m? Tu tens \u00e9 dor de cotovelo daquilo que os outros dizem, filha. Tu deves estar mesmo com um dist\u00farbio qualquer a\u00ed, alguma coisa a fazer-te comich\u00e3o\u201d<\/strong>.<\/p>\n<p data-path-to-node=\"7\">Liliana agarrou-se \u00e0 ofensa para ripostar: <strong>\u201cPronto, agora tenho um dist\u00farbio. N\u00e3o eras tu que n\u00e3o querias trazer c\u00e1 para dentro esse assunto? Estamos todos longe da fam\u00edlia. Agora vais estar sempre a trazer esse assunto? Pronto, passei-me\u201d<\/strong>.<\/p>\n","protected":false},"excerpt":{"rendered":"A tarde desta quarta-feira, 24 de dezembro, devia ser de paz, mas o ambiente na casa aqueceu rapidamente.&hellip;\n","protected":false},"author":2,"featured_media":202209,"comment_status":"","ping_status":"","sticky":false,"template":"","format":"standard","meta":{"footnotes":""},"categories":[142],"tags":[2632,27651,114,115,19016,19184,32,33,151],"class_list":{"0":"post-202208","1":"post","2":"type-post","3":"status-publish","4":"format-standard","5":"has-post-thumbnail","7":"category-tv","8":"tag-casa-dos-segredos","9":"tag-discussu00e3o","10":"tag-entertainment","11":"tag-entretenimento","12":"tag-liliana","13":"tag-marisa","14":"tag-portugal","15":"tag-pt","16":"tag-tv"},"share_on_mastodon":{"url":"https:\/\/pubeurope.com\/@pt\/115781562742873542","error":""},"_links":{"self":[{"href":"https:\/\/www.europesays.com\/pt\/wp-json\/wp\/v2\/posts\/202208","targetHints":{"allow":["GET"]}}],"collection":[{"href":"https:\/\/www.europesays.com\/pt\/wp-json\/wp\/v2\/posts"}],"about":[{"href":"https:\/\/www.europesays.com\/pt\/wp-json\/wp\/v2\/types\/post"}],"author":[{"embeddable":true,"href":"https:\/\/www.europesays.com\/pt\/wp-json\/wp\/v2\/users\/2"}],"replies":[{"embeddable":true,"href":"https:\/\/www.europesays.com\/pt\/wp-json\/wp\/v2\/comments?post=202208"}],"version-history":[{"count":0,"href":"https:\/\/www.europesays.com\/pt\/wp-json\/wp\/v2\/posts\/202208\/revisions"}],"wp:featuredmedia":[{"embeddable":true,"href":"https:\/\/www.europesays.com\/pt\/wp-json\/wp\/v2\/media\/202209"}],"wp:attachment":[{"href":"https:\/\/www.europesays.com\/pt\/wp-json\/wp\/v2\/media?parent=202208"}],"wp:term":[{"taxonomy":"category","embeddable":true,"href":"https:\/\/www.europesays.com\/pt\/wp-json\/wp\/v2\/categories?post=202208"},{"taxonomy":"post_tag","embeddable":true,"href":"https:\/\/www.europesays.com\/pt\/wp-json\/wp\/v2\/tags?post=202208"}],"curies":[{"name":"wp","href":"https:\/\/api.w.org\/{rel}","templated":true}]}}