{"id":202226,"date":"2025-12-25T18:27:08","date_gmt":"2025-12-25T18:27:08","guid":{"rendered":"https:\/\/www.europesays.com\/pt\/202226\/"},"modified":"2025-12-25T18:27:08","modified_gmt":"2025-12-25T18:27:08","slug":"bbb-26-dois-ex-bbbs-sao-confirmados-pela-globo-veja-quem","status":"publish","type":"post","link":"https:\/\/www.europesays.com\/pt\/202226\/","title":{"rendered":"&#8216;BBB 26&#8217;: Dois ex-BBBs s\u00e3o confirmados pela Globo; veja quem"},"content":{"rendered":"<p>Apesar do elenco de pipocas, ex-BBBs e famosos ainda n\u00e3o ter sido oficialmente fechado e nem divulgado pela dire\u00e7\u00e3o da TV Globo, alguns artistas j\u00e1 foram confirmados nos programas que v\u00e3o cobrir o BBB 26.<\/p>\n<p>\t Quem ser\u00e3o? <\/p>\n<p>Conforme an\u00fancio nas redes sociais da atra\u00e7\u00e3o, os antigos participantes do confinamento, A<strong>line Patriarca e Vinicius Nascimento,<\/strong> que competiram como dupla na temporada deste ano, estar\u00e3o com os seus trabalhos garantidos pelos pr\u00f3ximos meses.<\/p>\n<p>O Mesacast BBB anunciou as novidades na web. O projeto exibido no Multishow, que integra a Rede BBB, contar\u00e1 com novas duplas na apresenta\u00e7\u00e3o central e seguir\u00e1 no ar de segunda a sexta-feira, ao vivo, das 19h30 \u00e0s 20h30.<\/p>\n<p>Entre os \u00e2ncoras, Vini e Aline, a jornalista e apresentadora<strong> Fernanda Catania<\/strong>, a <strong>Foquinha<\/strong>, e tamb\u00e9m<strong> Ed Gama<\/strong>, que permanecer\u00e1 no programa pelo terceiro ano seguido. \u00c0s segundas e ter\u00e7as-feiras, Vin\u00edcius Nascimento divide a bancada com Foquinha. J\u00e1 \u00e0s quartas e quintas, Aline Patriarca assume junto de Ed Gama. Nas sextas-feiras, o time se reveza na bancada principal.<\/p>\n<p>\u201cDepois de viver o programa, eu tenho mais know how para comentar, porque eu estive l\u00e1. Voltar ao BBB em outro momento da minha vida me deixa muito feliz\u201d, falou Vinicius. \u201cEstou ansiosa para entregar conte\u00fados interessantes, com muito humor. Fazer isso ao mesmo tempo que o Vini, que \u00e9 meu parceiro de vida, mostra que estamos no caminho certo\u201d, completou a ex-sister Aline.<\/p>\n<p>\u201cSou f\u00e3 desde a primeira edi\u00e7\u00e3o e j\u00e1 vivi muitos momentos importantes dentro desse universo. Tudo isso me preparou para estar hoje como apresentadora do Mesacast\u201d, declarou a Foquinha.<\/p>\n<p><strong>Gil do Vigor e Ceci Ribeiro<\/strong> continuar\u00e3o no comando do Bate-Papo BBB, enquanto <strong>Ana Clara<\/strong> e Ed Gama retornam com o Big Show \u00e0s segundas-feiras no canal Multishow.<\/p>\n<p>Leia tamb\u00e9m: <a href=\"https:\/\/contigo.com.br\/noticias\/famosos\/apos-nova-condenacao-gizelly-bicalho-defende-prisao-de-felipe-prior-que-pague.phtml\" rel=\"nofollow noopener\" target=\"_blank\">Ap\u00f3s nova condena\u00e7\u00e3o, Gizelly Bicalho defende pris\u00e3o de Felipe Prior: \u2018Que pague\u2019<\/a><\/p>\n<p>\t Saiba mais: <\/p>\n<p>\u00a0<\/p>\n<blockquote class=\"instagram-media\" style=\"background: #FFF; border: 0; border-radius: 3px; box-shadow: 0 0 1px 0 rgba(0,0,0,0.5),0 1px 10px 0 rgba(0,0,0,0.15); margin: 1px; max-width: 540px; min-width: 326px; padding: 0; width: calc(100% - 2px);\" data-instgrm-captioned=\"\" data-instgrm-permalink=\"https:\/\/www.instagram.com\/p\/DSapUPiCUSM\/?utm_source=ig_embed&amp;utm_campaign=loading\" data-instgrm-version=\"14\"><\/blockquote>\n<p>\t                                            <script async src=\"\/\/www.instagram.com\/embed.js\"><\/script><\/p>\n","protected":false},"excerpt":{"rendered":"Apesar do elenco de pipocas, ex-BBBs e famosos ainda n\u00e3o ter sido oficialmente fechado e nem divulgado pela&hellip;\n","protected":false},"author":2,"featured_media":202227,"comment_status":"","ping_status":"","sticky":false,"template":"","format":"standard","meta":{"footnotes":""},"categories":[142],"tags":[2565,23002,114,115,32,33,12947,151],"class_list":{"0":"post-202226","1":"post","2":"type-post","3":"status-publish","4":"format-standard","5":"has-post-thumbnail","7":"category-tv","8":"tag-bbb","9":"tag-bbb26","10":"tag-entertainment","11":"tag-entretenimento","12":"tag-portugal","13":"tag-pt","14":"tag-reality-shows","15":"tag-tv"},"share_on_mastodon":{"url":"https:\/\/pubeurope.com\/@pt\/115781621713084775","error":""},"_links":{"self":[{"href":"https:\/\/www.europesays.com\/pt\/wp-json\/wp\/v2\/posts\/202226","targetHints":{"allow":["GET"]}}],"collection":[{"href":"https:\/\/www.europesays.com\/pt\/wp-json\/wp\/v2\/posts"}],"about":[{"href":"https:\/\/www.europesays.com\/pt\/wp-json\/wp\/v2\/types\/post"}],"author":[{"embeddable":true,"href":"https:\/\/www.europesays.com\/pt\/wp-json\/wp\/v2\/users\/2"}],"replies":[{"embeddable":true,"href":"https:\/\/www.europesays.com\/pt\/wp-json\/wp\/v2\/comments?post=202226"}],"version-history":[{"count":0,"href":"https:\/\/www.europesays.com\/pt\/wp-json\/wp\/v2\/posts\/202226\/revisions"}],"wp:featuredmedia":[{"embeddable":true,"href":"https:\/\/www.europesays.com\/pt\/wp-json\/wp\/v2\/media\/202227"}],"wp:attachment":[{"href":"https:\/\/www.europesays.com\/pt\/wp-json\/wp\/v2\/media?parent=202226"}],"wp:term":[{"taxonomy":"category","embeddable":true,"href":"https:\/\/www.europesays.com\/pt\/wp-json\/wp\/v2\/categories?post=202226"},{"taxonomy":"post_tag","embeddable":true,"href":"https:\/\/www.europesays.com\/pt\/wp-json\/wp\/v2\/tags?post=202226"}],"curies":[{"name":"wp","href":"https:\/\/api.w.org\/{rel}","templated":true}]}}