{"id":202228,"date":"2025-12-25T18:29:16","date_gmt":"2025-12-25T18:29:16","guid":{"rendered":"https:\/\/www.europesays.com\/pt\/202228\/"},"modified":"2025-12-25T18:29:16","modified_gmt":"2025-12-25T18:29:16","slug":"avatar-fogo-e-cinzas-alcanca-500-milhoes-de-dolares-em-bilheteria","status":"publish","type":"post","link":"https:\/\/www.europesays.com\/pt\/202228\/","title":{"rendered":"Avatar: Fogo e Cinzas alcan\u00e7a 500 milh\u00f5es de d\u00f3lares em bilheteria"},"content":{"rendered":"<p class=\"wp-block-yoast-seo-estimated-reading-time yoast-reading-time__wrapper\">Estimated reading time: 2 minutos<\/p>\n<p><a href=\"https:\/\/ovicio.com.br\/filme\/avatar-3\/\" target=\"_blank\" rel=\"noreferrer noopener nofollow\">Avatar: Fogo e Cinzas (2025)<\/a>\u00a0acaba de ultrapassar a impressionante marca de 500 milh\u00f5es de d\u00f3lares em bilheteria global. Ap\u00f3s estrear com 345 milh\u00f5es de d\u00f3lares, o filme conseguiu surpreender ao adicionar quase 150 milh\u00f5es de bilheteria s\u00f3 entre a segunda e quarta-feira desta semana, superando o desempenho do segundo longa durante este mesmo per\u00edodo.<\/p>\n<p>Com este ritmo, o filme pode alcan\u00e7ar 1 bilh\u00e3o de d\u00f3lares antes do fim de sua terceira semana nos cinemas. O longa de\u00a0<strong>James Cameron<\/strong>, inclusive, recebeu um\u00a0<strong>A<\/strong>\u00a0no\u00a0<strong>CinemaScore<\/strong>, a mesma nota que os dois anteriores.<\/p>\n<p>Leia tamb\u00e9m sobre Avatar:<\/p>\n<p><strong>Avatar: Fogo e Cinzas (2025)<\/strong>, vale ressaltar, j\u00e1 est\u00e1 em exibi\u00e7\u00e3o nos cinemas brasileiros.<\/p>\n","protected":false},"excerpt":{"rendered":"Estimated reading time: 2 minutos Avatar: Fogo e Cinzas (2025)\u00a0acaba de ultrapassar a impressionante marca de 500 milh\u00f5es&hellip;\n","protected":false},"author":2,"featured_media":202229,"comment_status":"","ping_status":"","sticky":false,"template":"","format":"standard","meta":{"footnotes":""},"categories":[140],"tags":[21826,21828,114,115,147,148,7328,146,32,33],"class_list":{"0":"post-202228","1":"post","2":"type-post","3":"status-publish","4":"format-standard","5":"has-post-thumbnail","7":"category-filmes","8":"tag-avatar","9":"tag-avatar-fogo-e-cinzas","10":"tag-entertainment","11":"tag-entretenimento","12":"tag-film","13":"tag-filmes","14":"tag-james-cameron","15":"tag-movies","16":"tag-portugal","17":"tag-pt"},"share_on_mastodon":{"url":"https:\/\/pubeurope.com\/@pt\/115781630326374346","error":""},"_links":{"self":[{"href":"https:\/\/www.europesays.com\/pt\/wp-json\/wp\/v2\/posts\/202228","targetHints":{"allow":["GET"]}}],"collection":[{"href":"https:\/\/www.europesays.com\/pt\/wp-json\/wp\/v2\/posts"}],"about":[{"href":"https:\/\/www.europesays.com\/pt\/wp-json\/wp\/v2\/types\/post"}],"author":[{"embeddable":true,"href":"https:\/\/www.europesays.com\/pt\/wp-json\/wp\/v2\/users\/2"}],"replies":[{"embeddable":true,"href":"https:\/\/www.europesays.com\/pt\/wp-json\/wp\/v2\/comments?post=202228"}],"version-history":[{"count":0,"href":"https:\/\/www.europesays.com\/pt\/wp-json\/wp\/v2\/posts\/202228\/revisions"}],"wp:featuredmedia":[{"embeddable":true,"href":"https:\/\/www.europesays.com\/pt\/wp-json\/wp\/v2\/media\/202229"}],"wp:attachment":[{"href":"https:\/\/www.europesays.com\/pt\/wp-json\/wp\/v2\/media?parent=202228"}],"wp:term":[{"taxonomy":"category","embeddable":true,"href":"https:\/\/www.europesays.com\/pt\/wp-json\/wp\/v2\/categories?post=202228"},{"taxonomy":"post_tag","embeddable":true,"href":"https:\/\/www.europesays.com\/pt\/wp-json\/wp\/v2\/tags?post=202228"}],"curies":[{"name":"wp","href":"https:\/\/api.w.org\/{rel}","templated":true}]}}