{"id":202246,"date":"2025-12-25T18:47:37","date_gmt":"2025-12-25T18:47:37","guid":{"rendered":"https:\/\/www.europesays.com\/pt\/202246\/"},"modified":"2025-12-25T18:47:37","modified_gmt":"2025-12-25T18:47:37","slug":"como-desativar-a-traducao-automatica-nos-reels-do-instagram","status":"publish","type":"post","link":"https:\/\/www.europesays.com\/pt\/202246\/","title":{"rendered":"como desativar a tradu\u00e7\u00e3o autom\u00e1tica nos Reels do Instagram"},"content":{"rendered":"<p>O Instagram disponibiliza ferramentas de tradu\u00e7\u00e3o autom\u00e1tica nos Reels para facilitar a compreens\u00e3o de conte\u00fados globais, mas esta funcionalidade pode tornar-se intrusiva para muitos utilizadores. Se prefere consumir os conte\u00fados na sua l\u00edngua original, explicamos-lhe como desativar esta funcionalidade de forma simples e r\u00e1pida.<\/p>\n<p style=\"text-align: center;\"><a target=\"_blank\" href=\"https:\/\/pplware.sapo.pt\/wp-content\/uploads\/2025\/12\/reels_traducoes_01.webp\" rel=\"nofollow noopener\"><img fetchpriority=\"high\" decoding=\"async\" src=\"https:\/\/www.europesays.com\/pt\/wp-content\/uploads\/2025\/12\/reels_traducoes_01-1024x576.webp.webp\" alt=\"\" width=\"720\" height=\"405\" class=\"alignnone size-large wp-image-1095143\"  \/><\/a><\/p>\n<p>O impacto das tradu\u00e7\u00f5es autom\u00e1ticas na experi\u00eancia do utilizador<\/p>\n<p>Embora a tradu\u00e7\u00e3o autom\u00e1tica seja uma excelente <a target=\"_blank\" href=\"https:\/\/creators.instagram.com\/blog\/meta-ai-translations\" rel=\"nofollow noopener\">ferramenta<\/a> de acessibilidade, nem sempre a sua execu\u00e7\u00e3o \u00e9 perfeita. Em muitos casos, as tradu\u00e7\u00f5es nos Reels <strong>podem apresentar erros gramaticais ou alterar o contexto original da mensagem<\/strong>.<\/p>\n<p>Atualmente, o algoritmo do Instagram tenta identificar o idioma do utilizador <strong>com base nas defini\u00e7\u00f5es do telem\u00f3vel<\/strong>.<\/p>\n<p>No entanto, \u00e9 poss\u00edvel ajustar estas prefer\u00eancias para que a rede social compreenda que determinados idiomas n\u00e3o necessitam de ser traduzidos (ou que nenhum precisa de ser traduzido), <strong>devolvendo assim o controlo total sobre o que \u00e9 apresentado no ecr\u00e3<\/strong>.<\/p>\n<p style=\"text-align: center;\"><a target=\"_blank\" href=\"https:\/\/pplware.sapo.pt\/wp-content\/uploads\/2025\/12\/reels_traducoes_02.webp\" rel=\"nofollow noopener\"><img loading=\"lazy\" decoding=\"async\" src=\"https:\/\/www.europesays.com\/pt\/wp-content\/uploads\/2025\/12\/reels_traducoes_02-1024x576.webp.webp\" alt=\"\" width=\"720\" height=\"405\" class=\"alignnone size-large wp-image-1095144\"  \/><\/a><\/p>\n<p>Passo a passo para desativar as tradu\u00e7\u00f5es nos Reels do Instagram<\/p>\n<p>Para limitar ou desativar a tradu\u00e7\u00e3o autom\u00e1tica, o processo deve ser realizado atrav\u00e9s das defini\u00e7\u00f5es de idioma da aplica\u00e7\u00e3o. Siga estes passos no seu dispositivo m\u00f3vel:<\/p>\n<p>1. Aceda ao seu perfil do Instagram e clique no \u00edcone das tr\u00eas linhas horizontais, no canto superior direito.<\/p>\n<p>2. Pesquise por &#8220;Idioma e tradu\u00e7\u00f5es&#8221;.<\/p>\n<p>3. Aqui, desative as op\u00e7\u00f5es &#8220;Traduzir texto dos Reels&#8221; e &#8220;Traduzir voz&#8221;.<\/p>\n<p>Assim, o Instagram deixar\u00e1 de oferecer a tradu\u00e7\u00e3o autom\u00e1tica para os Reels.<\/p>\n<p>\u00a0<\/p>\n<p><strong>Leia tamb\u00e9m:<\/strong><\/p>\n<p>\t\t\t\t\t\t<script async src=\"\/\/www.instagram.com\/embed.js\"><\/script><\/p>\n","protected":false},"excerpt":{"rendered":"O Instagram disponibiliza ferramentas de tradu\u00e7\u00e3o autom\u00e1tica nos Reels para facilitar a compreens\u00e3o de conte\u00fados globais, mas esta&hellip;\n","protected":false},"author":2,"featured_media":202247,"comment_status":"","ping_status":"","sticky":false,"template":"","format":"standard","meta":{"footnotes":""},"categories":[84],"tags":[109,107,108,1015,32,33,40194,105,103,104,106,110,2118],"class_list":{"0":"post-202246","1":"post","2":"type-post","3":"status-publish","4":"format-standard","5":"has-post-thumbnail","7":"category-ciencia-e-tecnologia","8":"tag-ciencia","9":"tag-ciencia-e-tecnologia","10":"tag-cienciaetecnologia","11":"tag-instagram","12":"tag-portugal","13":"tag-pt","14":"tag-reels","15":"tag-science","16":"tag-science-and-technology","17":"tag-scienceandtechnology","18":"tag-technology","19":"tag-tecnologia","20":"tag-traducao"},"share_on_mastodon":{"url":"https:\/\/pubeurope.com\/@pt\/115781701302684953","error":""},"_links":{"self":[{"href":"https:\/\/www.europesays.com\/pt\/wp-json\/wp\/v2\/posts\/202246","targetHints":{"allow":["GET"]}}],"collection":[{"href":"https:\/\/www.europesays.com\/pt\/wp-json\/wp\/v2\/posts"}],"about":[{"href":"https:\/\/www.europesays.com\/pt\/wp-json\/wp\/v2\/types\/post"}],"author":[{"embeddable":true,"href":"https:\/\/www.europesays.com\/pt\/wp-json\/wp\/v2\/users\/2"}],"replies":[{"embeddable":true,"href":"https:\/\/www.europesays.com\/pt\/wp-json\/wp\/v2\/comments?post=202246"}],"version-history":[{"count":0,"href":"https:\/\/www.europesays.com\/pt\/wp-json\/wp\/v2\/posts\/202246\/revisions"}],"wp:featuredmedia":[{"embeddable":true,"href":"https:\/\/www.europesays.com\/pt\/wp-json\/wp\/v2\/media\/202247"}],"wp:attachment":[{"href":"https:\/\/www.europesays.com\/pt\/wp-json\/wp\/v2\/media?parent=202246"}],"wp:term":[{"taxonomy":"category","embeddable":true,"href":"https:\/\/www.europesays.com\/pt\/wp-json\/wp\/v2\/categories?post=202246"},{"taxonomy":"post_tag","embeddable":true,"href":"https:\/\/www.europesays.com\/pt\/wp-json\/wp\/v2\/tags?post=202246"}],"curies":[{"name":"wp","href":"https:\/\/api.w.org\/{rel}","templated":true}]}}