{"id":20225,"date":"2025-08-07T19:32:06","date_gmt":"2025-08-07T19:32:06","guid":{"rendered":"https:\/\/www.europesays.com\/pt\/20225\/"},"modified":"2025-08-07T19:32:06","modified_gmt":"2025-08-07T19:32:06","slug":"os-arctic-monkeys-ja-trataram-da-papelada-para-o-novo-album-o-que-sabemos","status":"publish","type":"post","link":"https:\/\/www.europesays.com\/pt\/20225\/","title":{"rendered":"Os Arctic Monkeys j\u00e1 trataram da \u2018papelada\u2019 para o novo \u00e1lbum: o que sabemos"},"content":{"rendered":"<p>Os Arctic Monkeys estar\u00e3o a trabalhar num novo \u00e1lbum, que ir\u00e1 suceder a \u201cThe Car\u201d, de 2022.<\/p>\n<p>A banda brit\u00e2nica registou, recentemente, uma nova empresa, tendo tamb\u00e9m atualizado o seu website, reporta o \u201cNME\u201d. Esta atividade indicia que os Arctic Monkeys dever\u00e3o regressar \u00e0s edi\u00e7\u00f5es no pr\u00f3ximo ano.<\/p>\n<p>A conta de Instagram de f\u00e3s ArcticMonkeysMania foi a primeira a sinalizar estas atualiza\u00e7\u00f5es. No website oficial do grupo a imagem principal j\u00e1 n\u00e3o est\u00e1 associada a \u201cThe Car\u201d, o \u00e1lbum anterior.<\/p>\n<p>Segundo o \u201cNME\u201d, fontes de informa\u00e7\u00e3o ligadas \u00e0 banda e habitualmente bem colocadas d\u00e3o conta que os Arctic Monkeys t\u00eam sess\u00f5es de grava\u00e7\u00e3o marcadas para novembro deste ano. O novo \u00e1lbum deve ser editado em 2026, ano em que o grupo voltar\u00e1 \u00e0 estrada, \u00e0 partida no ver\u00e3o.<\/p>\n<p>A empresa registada pelos Arctic Monkeys tem, de acordo com o \u201cNME\u201d, o nome de Bang Bang Recordings: no website oficial do governo brit\u00e2nico, a editora lista como administradores os nomes completos dos quatro membros dos Arctic Monkeys: Alex Turner, Matt Helders, Nick O&#8217;Malley e Jamie Cook. A morada \u00e9 um r\u00e9s-de-ch\u00e3o numa rua entre os bairros de Marylebone e Soho, em Londres.<\/p>\n<p>Contactada pela publica\u00e7\u00e3o brit\u00e2nica, a banda n\u00e3o proferiu quaisquer declara\u00e7\u00f5es.<\/p>\n","protected":false},"excerpt":{"rendered":"Os Arctic Monkeys estar\u00e3o a trabalhar num novo \u00e1lbum, que ir\u00e1 suceder a \u201cThe Car\u201d, de 2022. A&hellip;\n","protected":false},"author":2,"featured_media":20226,"comment_status":"","ping_status":"","sticky":false,"template":"","format":"standard","meta":{"footnotes":""},"categories":[141],"tags":[114,115,149,150,32,33],"class_list":{"0":"post-20225","1":"post","2":"type-post","3":"status-publish","4":"format-standard","5":"has-post-thumbnail","7":"category-musica","8":"tag-entertainment","9":"tag-entretenimento","10":"tag-music","11":"tag-musica","12":"tag-portugal","13":"tag-pt"},"share_on_mastodon":{"url":"","error":""},"_links":{"self":[{"href":"https:\/\/www.europesays.com\/pt\/wp-json\/wp\/v2\/posts\/20225","targetHints":{"allow":["GET"]}}],"collection":[{"href":"https:\/\/www.europesays.com\/pt\/wp-json\/wp\/v2\/posts"}],"about":[{"href":"https:\/\/www.europesays.com\/pt\/wp-json\/wp\/v2\/types\/post"}],"author":[{"embeddable":true,"href":"https:\/\/www.europesays.com\/pt\/wp-json\/wp\/v2\/users\/2"}],"replies":[{"embeddable":true,"href":"https:\/\/www.europesays.com\/pt\/wp-json\/wp\/v2\/comments?post=20225"}],"version-history":[{"count":0,"href":"https:\/\/www.europesays.com\/pt\/wp-json\/wp\/v2\/posts\/20225\/revisions"}],"wp:featuredmedia":[{"embeddable":true,"href":"https:\/\/www.europesays.com\/pt\/wp-json\/wp\/v2\/media\/20226"}],"wp:attachment":[{"href":"https:\/\/www.europesays.com\/pt\/wp-json\/wp\/v2\/media?parent=20225"}],"wp:term":[{"taxonomy":"category","embeddable":true,"href":"https:\/\/www.europesays.com\/pt\/wp-json\/wp\/v2\/categories?post=20225"},{"taxonomy":"post_tag","embeddable":true,"href":"https:\/\/www.europesays.com\/pt\/wp-json\/wp\/v2\/tags?post=20225"}],"curies":[{"name":"wp","href":"https:\/\/api.w.org\/{rel}","templated":true}]}}