{"id":202261,"date":"2025-12-25T19:03:18","date_gmt":"2025-12-25T19:03:18","guid":{"rendered":"https:\/\/www.europesays.com\/pt\/202261\/"},"modified":"2025-12-25T19:03:18","modified_gmt":"2025-12-25T19:03:18","slug":"12-novidades-do-iphone-18-pro-para-o-proximo-ano","status":"publish","type":"post","link":"https:\/\/www.europesays.com\/pt\/202261\/","title":{"rendered":"12 novidades do iPhone 18 Pro para o pr\u00f3ximo ano"},"content":{"rendered":"<p>Passatempo<a href=\"https:\/\/www.maistecnologia.com\/passatempo-de-natal-ganha-um-pack-hama-com-5-produtos-essenciais\/\" title=\"Passatempo\" rel=\"nofollow noopener\" target=\"_blank\"><img decoding=\"async\" src=\"https:\/\/www.europesays.com\/pt\/wp-content\/uploads\/2025\/12\/passatempo-de-natal-ganha-um-pack-hama-com-5-produtos-essenciais-maistecnologia.com-1.jpg\" alt=\"passatempo\" width=\"100%\" height=\"100%\"\/><\/a><\/p>\n<p style=\"text-align: justify;\">Ainda falta tempo para a pr\u00f3xima gera\u00e7\u00e3o Pro do iPhone, mas o cen\u00e1rio come\u00e7a a ganhar forma. Entre pistas vindas da cadeia de produ\u00e7\u00e3o e fugas de informa\u00e7\u00e3o cred\u00edveis, o iPhone 18 Pro e o 18 Pro Max prometem mudan\u00e7as discretas por fora e profundas por dentro.<\/p>\n<p style=\"text-align: justify;\">O objetivo parece claro: simplificar o design, refor\u00e7ar a fotografia e dar um salto na efici\u00eancia, mantendo a identidade que os utilizadores reconhecem. Se nada derrapar, a apresenta\u00e7\u00e3o dever\u00e1 acontecer em setembro de 2026.<\/p>\n<p>Um ecr\u00e3 mais limpo \u2014 adeus \u00e0 \u201cilha\u201d, ol\u00e1 Face ID sob o vidro<\/p>\n<p style=\"text-align: justify;\">Uma das novidades mais faladas \u00e9 a integra\u00e7\u00e3o do Face ID diretamente sob o ecr\u00e3. Se se confirmar, a frente do telem\u00f3vel ficar\u00e1 visualmente \u201climpa\u201d, sem a tradicional recorte em forma de p\u00edlula. A c\u00e2mara frontal n\u00e3o desaparece, mas muda de casa: passaria para o canto superior esquerdo do painel, reduzindo distra\u00e7\u00f5es no centro do conte\u00fado. \u00c9 uma solu\u00e7\u00e3o que pode agradar a quem v\u00ea muitos v\u00eddeos e a quem joga, porque maximiza a \u00e1rea \u00fatil sem comprometer a autentica\u00e7\u00e3o facial.<\/p>\n<p style=\"text-align: justify;\"><img fetchpriority=\"high\" decoding=\"async\" class=\"aligncenter size-full wp-image-286087\" src=\"data:image\/svg+xml,%3Csvg%20xmlns=\" http:=\"\" alt=\"12 novidades do iPhone 18 Pro para o pr\u00f3ximo ano\" width=\"2500\" height=\"1406\" data-lazy- data-lazy- data-lazy-src=\"https:\/\/www.europesays.com\/pt\/wp-content\/uploads\/2025\/12\/12-novidades-do-iphone-18-pro-para-o-proximo-ano-maistecnologia.com-1.jpg\"\/><\/p>\n<p style=\"text-align: justify;\">Quanto \u00e0s dimens\u00f5es, n\u00e3o se espera revolu\u00e7\u00e3o: o iPhone 18 Pro dever\u00e1 manter um ecr\u00e3 de 6,3 polegadas, enquanto o 18 Pro Max sobe para 6,9 polegadas. As margens dever\u00e3o continuar bastante contidas e a taxa de atualiza\u00e7\u00e3o elevada, como tem sido regra na linha Pro.<\/p>\n<p>Processador A20 Pro a 2 nm \u2014 desempenho e efici\u00eancia de outra liga<\/p>\n<p style=\"text-align: justify;\">No cora\u00e7\u00e3o dos novos modelos estar\u00e1 um novo chip A20 Pro fabricado num processo de 2 nm da TSMC. Mais do que n\u00fameros, isto significa ganhos na efici\u00eancia energ\u00e9tica e no poder de processamento, algo que se traduz em apps mais r\u00e1pidas, jogos mais fluidos e, potencialmente, melhor autonomia.<\/p>\n<p style=\"text-align: justify;\">A par do novo n\u00f3 de fabrico, fala-se tamb\u00e9m em novas t\u00e9cnicas de empacotamento do chip, otimizando a forma como os componentes comunicam entre si e gerem calor. Para o utilizador, o resultado dever\u00e1 ser um telem\u00f3vel mais fresco sob carga intensa e com margem para recursos de IA mais ambiciosos no dispositivo.<\/p>\n<p>Fotografia com mais controlo \u2014 abertura vari\u00e1vel e bot\u00e3o dedicado mais simples<\/p>\n<p style=\"text-align: justify;\">Na fotografia, o foco estar\u00e1 menos em megap\u00edxeis e mais em flexibilidade. Uma das c\u00e2maras traseiras dever\u00e1 ganhar abertura vari\u00e1vel, uma fun\u00e7\u00e3o que permite adaptar a quantidade de luz que entra no sensor consoante a cena. Na pr\u00e1tica, as fotografias noturnas podem ganhar detalhe sem subir tanto o ISO, e os retratos podem apresentar um desfoque de fundo mais natural em plena luz do dia.<\/p>\n<p style=\"text-align: justify;\">Outra altera\u00e7\u00e3o discreta mas pr\u00e1tica \u00e9 o bot\u00e3o de Controlo de C\u00e2mara. Os rumores apontam para um funcionamento simplificado, sem gestos por deslize, privilegiando uma experi\u00eancia t\u00e1til direta: premir, focar, captar. \u00c9 o tipo de ajuste que s\u00f3 valorizamos quando o temos \u00e0 m\u00e3o, sobretudo em situa\u00e7\u00f5es em que cada fra\u00e7\u00e3o de segundo conta.<\/p>\n<p>Design: plataforma de c\u00e2maras e vidro traseiro com acabamento mais fosco<\/p>\n<p style=\"text-align: justify;\">Em termos de linguagem est\u00e9tica, n\u00e3o se prev\u00ea uma rutura. O m\u00f3dulo traseiro com tr\u00eas c\u00e2maras manter\u00e1 uma \u201cplataforma\u201d bem vincada. Onde poder\u00e1 haver novidade \u00e9 na prote\u00e7\u00e3o e acabamento: altera\u00e7\u00f5es no Ceramic Shield traseiro e um vidro de aspeto mais fosco s\u00e3o possibilidades em cima da mesa. Para al\u00e9m do toque premium, um acabamento fosco tende a disfar\u00e7ar melhor dedadas e micro riscos. A pensar no ecossistema, a Apple estar\u00e1 tamb\u00e9m a otimizar a zona de carregamento MagSafe para maior efici\u00eancia e estabilidade de acoplamento.<\/p>\n<p style=\"text-align: justify;\">As cores em estudo incluem tons de borgonha, castanho e roxo \u2014 escolhas s\u00f3brias, mas distintas, que fogem ao habitual preto\/prateado sem entrar em excentricidades.<\/p>\n<p>Conectividade: modem pr\u00f3prio para 5G e Wi\u2011Fi 7 a caminho<\/p>\n<p style=\"text-align: justify;\">A Apple poder\u00e1 estrear um modem pr\u00f3prio (designado internamente como C1X ou C2) para 5G\/LTE. Al\u00e9m de reduzir a depend\u00eancia de terceiros, um modem desenhado \u00e0 medida pode trazer melhor capta\u00e7\u00e3o, lat\u00eancia mais baixa e menor consumo energ\u00e9tico em redes m\u00f3veis.<\/p>\n<p style=\"text-align: justify;\">No Wi\u2011Fi, o salto para Wi\u2011Fi 7 \u00e9 praticamente certo, a par de Bluetooth 6 e suporte para Thread. Em casa, isto traduz-se em liga\u00e7\u00f5es mais est\u00e1veis, velocidades de topo com routers compat\u00edveis e uma rede de dispositivos dom\u00e9sticos inteligentes mais robusta e responsiva.<\/p>\n<p>Navegar via sat\u00e9lite \u2014 mais do que SOS<\/p>\n<p style=\"text-align: justify;\">O iPhone j\u00e1 provou utilidade em comunica\u00e7\u00f5es de emerg\u00eancia por sat\u00e9lite. A pr\u00f3xima evolu\u00e7\u00e3o pode ir al\u00e9m disso: acesso b\u00e1sico \u00e0 web via sat\u00e9lite quando a rede celular n\u00e3o est\u00e1 dispon\u00edvel. N\u00e3o estamos a falar de streaming em 4K em plena serra, claro, mas de abrir p\u00e1ginas leves, consultar mapas ou trocar mensagens essenciais. Para quem faz trilhos, navega ou trabalha em zonas remotas, \u00e9 um seguro de vida digital.<\/p>\n<p>Autonomia e dimens\u00f5es \u2014 ligeiro aumento de espessura, grande melhoria no dia a dia?<\/p>\n<p style=\"text-align: justify;\">Outra pista interessante aponta para um 18 Pro Max ligeiramente mais espesso do que o 17 Pro Max. \u00c9 um compromisso que muita gente aceitar\u00e1 se isso significar uma bateria maior. Com o A20 Pro mais eficiente e um modem 5G desenhado pela pr\u00f3pria Apple, o conjunto pode finalmente entregar aquele \u201cdois dias de uso moderado\u201d que muitos procuram sem andar com carregadores no bolso.<\/p>\n<p>O que esperar em pre\u00e7o e disponibilidade<\/p>\n<p style=\"text-align: justify;\">Com a infla\u00e7\u00e3o a abrandar e a maturidade do design, n\u00e3o se adivinham mudan\u00e7as dr\u00e1sticas de pre\u00e7o nas vers\u00f5es base \u2014 mas conv\u00e9m aguardar. O calend\u00e1rio habitual aponta para an\u00fancio em setembro de 2026, com lan\u00e7amento nas semanas seguintes nos mercados principais. Em Portugal, a disponibilidade tende a alinhar-se com a primeira vaga.<\/p>\n<p>Vale a pena esperar?<\/p>\n<p style=\"text-align: justify;\">Se estiver a ponderar um upgrade e a fotografia for prioridade, a abertura vari\u00e1vel e o bot\u00e3o de c\u00e2mara simplificado podem pesar a favor de esperar. Se o seu foco s\u00e3o jogos e produtividade, o A20 Pro a 2 nm e o Wi\u2011Fi 7 prometem uma m\u00e1quina mais folgada para os pr\u00f3ximos anos. Para quem vive em zonas rurais ou viaja muito, a web via sat\u00e9lite pode ser a diferen\u00e7a entre ficar desligado e manter o essencial a funcionar.<\/p>\n<p style=\"text-align: justify;\">Como sempre, s\u00e3o rumores \u2014 consistentes, sim, mas ainda assim rumores. O quadro que se desenha, contudo, aponta para um iPhone 18 Pro que refina o que j\u00e1 era bom e resolve detalhes que, no uso di\u00e1rio, fazem toda a diferen\u00e7a.<\/p>\n<p style=\"text-align: justify;\">Fonte: <a href=\"https:\/\/www.macrumors.com\/2025\/12\/23\/iphone-18-pro-rumored-features-list\/\" target=\"_blank\" rel=\"noopener nofollow\">Macrumors<\/a><\/p>\n","protected":false},"excerpt":{"rendered":"Passatempo Ainda falta tempo para a pr\u00f3xima gera\u00e7\u00e3o Pro do iPhone, mas o cen\u00e1rio come\u00e7a a ganhar forma.&hellip;\n","protected":false},"author":2,"featured_media":202262,"comment_status":"","ping_status":"","sticky":false,"template":"","format":"standard","meta":{"footnotes":""},"categories":[84],"tags":[40195,40196,40197,40198,40199,40200,40201,40202,40203,7714,40204,109,107,108,40205,40206,40207,40208,39816,40209,40210,40211,32,33,40212,40213,105,103,104,40214,40215,106,110,40216,7980,12855],"class_list":{"0":"post-202261","1":"post","2":"type-post","3":"status-publish","4":"format-standard","5":"has-post-thumbnail","7":"category-ciencia-e-tecnologia","8":"tag-2-nm","9":"tag-6-9-polegadas","10":"tag-a20-pro","11":"tag-abertura-variavel","12":"tag-apple-portugal","13":"tag-bateria-maior","14":"tag-bluetooth-6","15":"tag-botao-de-camara","16":"tag-camara-frontal-no-canto","17":"tag-castanho","18":"tag-ceramic-shield","19":"tag-ciencia","20":"tag-ciencia-e-tecnologia","21":"tag-cienciaetecnologia","22":"tag-cores-borgonha","23":"tag-face-id-sob-o-ecra","24":"tag-iphone-18-pro","25":"tag-iphone-18-pro-max","26":"tag-lancamento-2026","27":"tag-magsafe","28":"tag-modem-5g-apple","29":"tag-navegacao-por-satelite","30":"tag-portugal","31":"tag-pt","32":"tag-roxo","33":"tag-rumores-iphone","34":"tag-science","35":"tag-science-and-technology","36":"tag-scienceandtechnology","37":"tag-smartphone-premium","38":"tag-tamanhos-6-3-polegadas","39":"tag-technology","40":"tag-tecnologia","41":"tag-thread","42":"tag-tsmc","43":"tag-wi-fi-7"},"share_on_mastodon":{"url":"","error":"Validation failed: Text character limit of 500 exceeded"},"_links":{"self":[{"href":"https:\/\/www.europesays.com\/pt\/wp-json\/wp\/v2\/posts\/202261","targetHints":{"allow":["GET"]}}],"collection":[{"href":"https:\/\/www.europesays.com\/pt\/wp-json\/wp\/v2\/posts"}],"about":[{"href":"https:\/\/www.europesays.com\/pt\/wp-json\/wp\/v2\/types\/post"}],"author":[{"embeddable":true,"href":"https:\/\/www.europesays.com\/pt\/wp-json\/wp\/v2\/users\/2"}],"replies":[{"embeddable":true,"href":"https:\/\/www.europesays.com\/pt\/wp-json\/wp\/v2\/comments?post=202261"}],"version-history":[{"count":0,"href":"https:\/\/www.europesays.com\/pt\/wp-json\/wp\/v2\/posts\/202261\/revisions"}],"wp:featuredmedia":[{"embeddable":true,"href":"https:\/\/www.europesays.com\/pt\/wp-json\/wp\/v2\/media\/202262"}],"wp:attachment":[{"href":"https:\/\/www.europesays.com\/pt\/wp-json\/wp\/v2\/media?parent=202261"}],"wp:term":[{"taxonomy":"category","embeddable":true,"href":"https:\/\/www.europesays.com\/pt\/wp-json\/wp\/v2\/categories?post=202261"},{"taxonomy":"post_tag","embeddable":true,"href":"https:\/\/www.europesays.com\/pt\/wp-json\/wp\/v2\/tags?post=202261"}],"curies":[{"name":"wp","href":"https:\/\/api.w.org\/{rel}","templated":true}]}}