{"id":202277,"date":"2025-12-25T19:20:17","date_gmt":"2025-12-25T19:20:17","guid":{"rendered":"https:\/\/www.europesays.com\/pt\/202277\/"},"modified":"2025-12-25T19:20:17","modified_gmt":"2025-12-25T19:20:17","slug":"cinco-criancas-entre-os-dez-feridos-em-intoxicacao-com-monoxido-de-carbono-em-coimbra","status":"publish","type":"post","link":"https:\/\/www.europesays.com\/pt\/202277\/","title":{"rendered":"Cinco crian\u00e7as entre os dez feridos em intoxica\u00e7\u00e3o com mon\u00f3xido de carbono em Coimbra"},"content":{"rendered":"<p data-remotead-prev-elm=\"true\" data-remotead-elm-id=\"inread\">O alerta foi dado cerca das 8.10 horas da manh\u00e3 desta quinta-feira, ap\u00f3s uma das v\u00edtimas ter ligado para os meios de socorro por se sentir indisposto. Na habita\u00e7\u00e3o, onde reside um casal e os tr\u00eas filhos, estavam mais mais dois adultos e tr\u00eas crin\u00e7as, que pernoitaram na casa para festejar o Natal.<\/p>\n<p>De acordo com os Bombeiros Sapadores de Coimbra, o incidente ter\u00e1 tido origem num fogareiro a lenha, que os moradores deixaram aceso para cozinhar um prato t\u00edpico africano, que leva algumas horas a confecionar, para servir no almo\u00e7o de dia 25 de dezembro. O incidente provocou dez v\u00edtimas: cinco adutos, com idades entre os 22 e os 44 anos, e cinco crian\u00e7as, com idades entre os dois meses e os 12 anos. As crian\u00e7as foram encaminhadas para o Hospital Pedi\u00e1trico de Coimbra e os cinco adultos para o Hospital Universit\u00e1rio de Coimbra.<\/p>\n<p data-remotead-prev-elm=\"true\" data-remotead-elm-id=\"centro1\">Na sequ\u00eancia do alerta deslocaram-se \u00e0 habita\u00e7\u00e3 cerca de 31 operacionais, apoiados por 13 viaturas.A mesma fonte indicou que para socorrer as v\u00edtimas foi necess\u00e1rio ativar 10 ambul\u00e2ncias &#8211; dos bombeiros Sapadores e Volunt\u00e1rios de Coimbra, Montemor-o-Velho e Cantanhede, e da Cruz Vermelha Portuguesa e Instituto Nacional de Emerg\u00eancia M\u00e9dica (INEM) -, que tiveram ainda o apoio da viatura m\u00e9dica de emerg\u00eancia e reanima\u00e7\u00e3o (VMER\/INEM) do hospital da Figueira da Foz e da GNR, que tomou conta da ocorr\u00eancia.<\/p>\n<p>Segundo os Bombeiros Sapadores de Coimbra, foi realizada a ventila\u00e7\u00e3o da habita\u00e7\u00e3o, tendo a ocorr\u00eancia dada por encerrada 1.30 horas depois do alerta.<\/p>\n","protected":false},"excerpt":{"rendered":"O alerta foi dado cerca das 8.10 horas da manh\u00e3 desta quinta-feira, ap\u00f3s uma das v\u00edtimas ter ligado&hellip;\n","protected":false},"author":2,"featured_media":202278,"comment_status":"","ping_status":"","sticky":false,"template":"","format":"standard","meta":{"footnotes":""},"categories":[10],"tags":[27,28,29579,15,16,14,23767,25,26,21,22,40217,12,13,19,20,32,23,24,33,17,18,29,30,31],"class_list":{"0":"post-202277","1":"post","2":"type-post","3":"status-publish","4":"format-standard","5":"has-post-thumbnail","7":"category-portugal","8":"tag-breaking-news","9":"tag-breakingnews","10":"tag-concelho-coimbra","11":"tag-featured-news","12":"tag-featurednews","13":"tag-headlines","14":"tag-intoxicacao","15":"tag-latest-news","16":"tag-latestnews","17":"tag-main-news","18":"tag-mainnews","19":"tag-monoxido-de-carbono","20":"tag-news","21":"tag-noticias","22":"tag-noticias-principais","23":"tag-noticiasprincipais","24":"tag-portugal","25":"tag-principais-noticias","26":"tag-principaisnoticias","27":"tag-pt","28":"tag-top-stories","29":"tag-topstories","30":"tag-ultimas","31":"tag-ultimas-noticias","32":"tag-ultimasnoticias"},"share_on_mastodon":{"url":"https:\/\/pubeurope.com\/@pt\/115781830212544927","error":""},"_links":{"self":[{"href":"https:\/\/www.europesays.com\/pt\/wp-json\/wp\/v2\/posts\/202277","targetHints":{"allow":["GET"]}}],"collection":[{"href":"https:\/\/www.europesays.com\/pt\/wp-json\/wp\/v2\/posts"}],"about":[{"href":"https:\/\/www.europesays.com\/pt\/wp-json\/wp\/v2\/types\/post"}],"author":[{"embeddable":true,"href":"https:\/\/www.europesays.com\/pt\/wp-json\/wp\/v2\/users\/2"}],"replies":[{"embeddable":true,"href":"https:\/\/www.europesays.com\/pt\/wp-json\/wp\/v2\/comments?post=202277"}],"version-history":[{"count":0,"href":"https:\/\/www.europesays.com\/pt\/wp-json\/wp\/v2\/posts\/202277\/revisions"}],"wp:featuredmedia":[{"embeddable":true,"href":"https:\/\/www.europesays.com\/pt\/wp-json\/wp\/v2\/media\/202278"}],"wp:attachment":[{"href":"https:\/\/www.europesays.com\/pt\/wp-json\/wp\/v2\/media?parent=202277"}],"wp:term":[{"taxonomy":"category","embeddable":true,"href":"https:\/\/www.europesays.com\/pt\/wp-json\/wp\/v2\/categories?post=202277"},{"taxonomy":"post_tag","embeddable":true,"href":"https:\/\/www.europesays.com\/pt\/wp-json\/wp\/v2\/tags?post=202277"}],"curies":[{"name":"wp","href":"https:\/\/api.w.org\/{rel}","templated":true}]}}