{"id":202319,"date":"2025-12-25T19:52:08","date_gmt":"2025-12-25T19:52:08","guid":{"rendered":"https:\/\/www.europesays.com\/pt\/202319\/"},"modified":"2025-12-25T19:52:08","modified_gmt":"2025-12-25T19:52:08","slug":"familia-pandas-amor-como-os-famosos-viveram-a-noite-de-consoada","status":"publish","type":"post","link":"https:\/\/www.europesays.com\/pt\/202319\/","title":{"rendered":"Fam\u00edlia, pand\u00e3s, amor: como os famosos viveram a noite de consoada"},"content":{"rendered":"<p data-remotead-prev-elm=\"true\" data-remotead-elm-id=\"inread\">Mais um Natal ficou para tr\u00e1s e, no universo das celebridades, as celebra\u00e7\u00f5es tamb\u00e9m marcaram presen\u00e7a nas redes sociais.<\/p>\n<p>Cristiano Ronaldo viveu a quadra natal\u00edcia de forma discreta, sem viagens nem grandes reuni\u00f5es familiares. Em Riade, na Ar\u00e1bia Saudita, onde reside, o capit\u00e3o da Sele\u00e7\u00e3o Nacional passou o Natal apenas com Georgina Rodr\u00edguez e os cinco filhos &#8211; Cristianinho, Eva, Mateo, Alana Martina e Bella Esmeralda.<\/p>\n<p>Nas imagens partilhadas nas redes sociais, a fam\u00edlia surge com pijamas natal\u00edcios a condizer, a caminhar em dire\u00e7\u00e3o \u00e0 \u00e1rvore de Natal, ao som de &#8220;Last Christmas&#8221;, um dos temas mais emblem\u00e1ticos desta \u00e9poca festiva.<\/p>\n<p data-remotead-prev-elm=\"true\" data-remotead-elm-id=\"centro1\">J\u00e1 Liliana Filipa, que tem sido alvo de rumores de separa\u00e7\u00e3o de Daniel Greg\u00f3rio, na sequ\u00eancia de uma alegada trai\u00e7\u00e3o do empres\u00e1rio ap\u00f3s a prova de MotoGP no Algarve, assinalou a data de forma simples. A influenciadora publicou uma fotografia com os dois filhos, Ariel e Santiago, junto \u00e0 \u00e1rvore de Natal, acompanhada apenas da mensagem &#8220;Feliz Natal&#8221;.<\/p>\n<p>Mel Jord\u00e3o e Diogo Pi\u00e7arra tamb\u00e9m celebraram a quadra em fam\u00edlia. O casal fez pand\u00e3 com a filha, Pen\u00e9lope, e, no Instagram, o m\u00fasico deixou uma mensagem aos f\u00e3s, desejando &#8220;muito amor dos Pi\u00e7arras&#8221;.<\/p>\n<p>No Porto, Maria Botelho Moniz passou o Natal junto da fam\u00edlia do noivo, Pedro Bianchi Prata, e do filho, Vicente. A apresentadora optou por uma partilha mais reservada, divulgando apenas alguns registos dos momentos que antecederam a noite de consoada, enquanto o motard se mostrou em fam\u00edlia nas redes sociais.<\/p>\n<p>Em clima tropical<\/p>\n<p data-remotead-prev-elm=\"true\" data-remotead-elm-id=\"centro2\">Do outro lado do oceano Atl\u00e2ntico, no Brasil, o cantor Z\u00e9 Felipe viveu a quadra natal\u00edcia em clima de festa, na companhia da nova namorada, a tamb\u00e9m cantora Ana Castela, e dos filhos &#8211; Maria Alice, Maria Flor e Jos\u00e9 Leonardo. A celebra\u00e7\u00e3o decorreu \u00e0 mesa, reunindo as fam\u00edlias de ambos, num ambiente marcado pela partilha e pela proximidade. Nas redes sociais, o m\u00fasico assinalou a data com uma mensagem especial: &#8220;O meu maior presente \u00e9 estar com voc\u00eas. Feliz Natal.&#8221;<\/p>\n<p>J\u00e1 Virg\u00ednia Fonseca, ex-mulher do artista, passou o Natal afastada dos filhos. Ainda assim, no dia 23, a influenciadora organizou um evento com v\u00e1rias pessoas, incluindo o ex-jogador do F. C. Porto \u00c9der Milit\u00e3o, e as crian\u00e7as, a que chamou &#8220;Natal do Jos\u00e9 e das Marias&#8221;. Na noite de 24, Virg\u00ednia mostrou-se em clima de romance com o futebolista Vin\u00edcius J\u00fanior, com quem mant\u00e9m atualmente uma rela\u00e7\u00e3o, no Rio de Janeiro.<\/p>\n<p>Ainda no Brasil, Anitta, que se encontra a fazer uma pausa na carreira internacional, celebrou a quadra natal\u00edcia em dose dupla, assinalando tamb\u00e9m o anivers\u00e1rio da m\u00e3e, Miriam Macedo. A cantora partilhou nas redes sociais v\u00e1rios registos da noite de consoada, onde surge rodeada de fam\u00edlia e amigos, e deixou uma mensagem \u00e0 progenitora: &#8220;Feliz Natal a todos e feliz anivers\u00e1rio para a minha m\u00e3e.&#8221;<\/p>\n","protected":false},"excerpt":{"rendered":"Mais um Natal ficou para tr\u00e1s e, no universo das celebridades, as celebra\u00e7\u00f5es tamb\u00e9m marcaram presen\u00e7a nas redes&hellip;\n","protected":false},"author":2,"featured_media":202320,"comment_status":"","ping_status":"","sticky":false,"template":"","format":"standard","meta":{"footnotes":""},"categories":[145],"tags":[211,210,667,114,115,39901,32,33,1446],"class_list":{"0":"post-202319","1":"post","2":"type-post","3":"status-publish","4":"format-standard","5":"has-post-thumbnail","7":"category-celebridades","8":"tag-celebridades","9":"tag-celebrities","10":"tag-cristiano-ronaldo","11":"tag-entertainment","12":"tag-entretenimento","13":"tag-natal-e-ano-novo","14":"tag-portugal","15":"tag-pt","16":"tag-virginia-fonseca"},"share_on_mastodon":{"url":"https:\/\/pubeurope.com\/@pt\/115781955881204531","error":""},"_links":{"self":[{"href":"https:\/\/www.europesays.com\/pt\/wp-json\/wp\/v2\/posts\/202319","targetHints":{"allow":["GET"]}}],"collection":[{"href":"https:\/\/www.europesays.com\/pt\/wp-json\/wp\/v2\/posts"}],"about":[{"href":"https:\/\/www.europesays.com\/pt\/wp-json\/wp\/v2\/types\/post"}],"author":[{"embeddable":true,"href":"https:\/\/www.europesays.com\/pt\/wp-json\/wp\/v2\/users\/2"}],"replies":[{"embeddable":true,"href":"https:\/\/www.europesays.com\/pt\/wp-json\/wp\/v2\/comments?post=202319"}],"version-history":[{"count":0,"href":"https:\/\/www.europesays.com\/pt\/wp-json\/wp\/v2\/posts\/202319\/revisions"}],"wp:featuredmedia":[{"embeddable":true,"href":"https:\/\/www.europesays.com\/pt\/wp-json\/wp\/v2\/media\/202320"}],"wp:attachment":[{"href":"https:\/\/www.europesays.com\/pt\/wp-json\/wp\/v2\/media?parent=202319"}],"wp:term":[{"taxonomy":"category","embeddable":true,"href":"https:\/\/www.europesays.com\/pt\/wp-json\/wp\/v2\/categories?post=202319"},{"taxonomy":"post_tag","embeddable":true,"href":"https:\/\/www.europesays.com\/pt\/wp-json\/wp\/v2\/tags?post=202319"}],"curies":[{"name":"wp","href":"https:\/\/api.w.org\/{rel}","templated":true}]}}