{"id":202361,"date":"2025-12-25T20:29:17","date_gmt":"2025-12-25T20:29:17","guid":{"rendered":"https:\/\/www.europesays.com\/pt\/202361\/"},"modified":"2025-12-25T20:29:17","modified_gmt":"2025-12-25T20:29:17","slug":"mais-um-filho-pedro-faz-provocacao-a-marisa-vem-o-terceiro-tvi","status":"publish","type":"post","link":"https:\/\/www.europesays.com\/pt\/202361\/","title":{"rendered":"Mais um filho? Pedro faz provoca\u00e7\u00e3o a Marisa: \u00abVem o terceiro&#8230;\u00bb &#8211; TVI"},"content":{"rendered":"<ol>\n<li><a href=\"https:\/\/news.google.com\/rss\/articles\/CBMivgFBVV95cUxPWVd6U0VISzF6aXJYcUdBZXh4Q0dvWTM5bzF2ZHBOS0NGNXU4Q2oySVJHRGtxUHJ4eVlYZmRXZndBa3FTR25tTms0c3VDZjNlWFdaYjR4VXJUQnNsVkNSVDB5X2J0RTlGbnhjMFFOWnVDVmRhSlprTVVrNFVYUUtSbmcyZ1FRMGhHLTdHX3dHWG9MT0ZlWmtydVlTZDdmcnFTQ0l0TnU3Z0RpQXZNY01XUnZ6UDdoeDhrbVVZbzJn?oc=5\" target=\"_blank\" rel=\"nofollow noopener\">Mais um filho? Pedro faz provoca\u00e7\u00e3o a Marisa: \u00abVem o terceiro&#8230;\u00bb<\/a>&nbsp;&nbsp;TVI<\/li>\n<li><a href=\"https:\/\/news.google.com\/rss\/articles\/CBMirwFBVV95cUxOUEtWTHVQSkpYSmM2VC1QY1lSclhxSFhVLTRzUE9KWjVONGRRaWdqLUFNRjUtcnRnNzg1MnlSZzAzTEdETGY5Z3I3S1dDWmNCekhPZ2d2dXk3b1V1bTdMY1R6ZWNua0hVcUNCSGV3VDlxblpoa3VMNHJtNDJINFVrcHl1cjhra1BCSURiVVRKUC1iWFZnbEVVRFVlM3JlNTJpc1k3YVMtX0FMeUw4dDJZ?oc=5\" target=\"_blank\" rel=\"nofollow noopener\">Nuno Eir\u00f3 recorda percurso de Liliana e F\u00e1bio e nota: &#8220;Provavelmente n\u00e3o vai haver rela\u00e7\u00e3o&#8230;&#8221;<\/a>&nbsp;&nbsp;Hiper Fm<\/li>\n<li><a href=\"https:\/\/news.google.com\/rss\/articles\/CBMi0AFBVV95cUxNbWIxakFpLVZhcDgxWG5ETjlEQnlrbjRZTHFoV1kwdk1RYUZtUWdJMHp0N29HMjdZQllBZzExeVdjUUxQdHJMcVIweGljZ1QweWdkd2doRHlzMW15Qm5Qa08zZnRmdkt3RjZmZFkyQmlMN2dzWTNxS0pvaE43TmZOVWp5VG96aU5XMkp4TjAyQW9yVWFkTDEzMXAzeS15R0NVaTcxV3ZMZ0g5Mnl2anprQ1hHM2haSEdEczhRMXRpZ3BKa0E3bVA2T1NyRVFoWUJ2?oc=5\" target=\"_blank\" rel=\"nofollow noopener\">Revela\u00e7\u00f5es surpreendentes do Natal em casa de Pedro: \u00abEle \u00e9 muito prendado\u00bb<\/a>&nbsp;&nbsp;TVI<\/li>\n<li><a href=\"https:\/\/news.google.com\/rss\/articles\/CBMihAJBVV95cUxQNF84YXVnN3BDREQ2eUxOb3dYYzlOcW4tekhZSkxXLUNUSUwxeFFrUExsRldldER1Y3dHVU9IZUowdGpWVmxhUEhGWTA4NFZzOEFobERhRWxLRVdRSERaOTlKaEtlMmZmcS1yeGdGaEhFT0NZbHdXdldoSU9NN1hwazJ3cnczaTJ5amQ1dUM1VjViZ2hoMm1DRWFDR2t3YzFLWWpaeEZrbUp6bVU1NXVOUmpKYnNvY0JycmVJNHZQTm1Jc3NRTU1DN3VOT29FaGtub0piLXgwaTQ4UlV1ZHVFVHVpZ0hWOXFlRG9WMW1uWDdnTkNTWkdIeTNOTVZjekhVRnBZXw?oc=5\" target=\"_blank\" rel=\"nofollow noopener\">Provoca\u00e7\u00e3o de Liliana estraga momento rom\u00e2ntico de Pedro e Marisa: \u00abParece que eu j\u00e1 vi isso mas com outra pessoa\u00bb<\/a>&nbsp;&nbsp;TVI<\/li>\n<li><a href=\"https:\/\/news.google.com\/rss\/articles\/CBMi2AFBVV95cUxPMTAxaDZ1Y0JJNV9rM0JUaEE5ckh0cHNCOHlicFlsWWw3YVBiMC1WX2p6enB5WGo1dGlTajdQMG9Cam56UW1lZDllTDNUREZHZjF3UWhFY0dpcG9PYnd4ZldwTFJfOVlFZ0lqUVdMTkNqWjlvZUJvcHZEbVdZUmFqaWpldWpBSlpXY1FkeFY1S2pnSDNWeDhiWkQydEVJcnNmY1YwVXlkTjZpNTVqSVdLR0k5cTRoMDBQcjNfSzZSeFZ6Z1RHd3NycXZyNnA4d2dwMTZaeVlPeTI?oc=5\" target=\"_blank\" rel=\"nofollow noopener\">\u00abQual rela\u00e7\u00e3o!?\u00bb: No meio de uma crise, Liliana questiona F\u00e1bio e este n\u00e3o reage bem<\/a>&nbsp;&nbsp;TVI<\/li>\n<\/ol>\n","protected":false},"excerpt":{"rendered":"Mais um filho? Pedro faz provoca\u00e7\u00e3o a Marisa: \u00abVem o terceiro&#8230;\u00bb&nbsp;&nbsp;TVI Nuno Eir\u00f3 recorda percurso de Liliana e&hellip;\n","protected":false},"author":2,"featured_media":202362,"comment_status":"","ping_status":"","sticky":false,"template":"","format":"standard","meta":{"footnotes":""},"categories":[142],"tags":[19374,19373,114,115,19184,14646,19375,32,33,151],"class_list":{"0":"post-202361","1":"post","2":"type-post","3":"status-publish","4":"format-standard","5":"has-post-thumbnail","7":"category-tv","8":"tag-confrontos-concorrentes","9":"tag-discussoes-secret-story","10":"tag-entertainment","11":"tag-entretenimento","12":"tag-marisa","13":"tag-pedro","14":"tag-polemicas","15":"tag-portugal","16":"tag-pt","17":"tag-tv"},"share_on_mastodon":{"url":"https:\/\/pubeurope.com\/@pt\/115782101434035680","error":""},"_links":{"self":[{"href":"https:\/\/www.europesays.com\/pt\/wp-json\/wp\/v2\/posts\/202361","targetHints":{"allow":["GET"]}}],"collection":[{"href":"https:\/\/www.europesays.com\/pt\/wp-json\/wp\/v2\/posts"}],"about":[{"href":"https:\/\/www.europesays.com\/pt\/wp-json\/wp\/v2\/types\/post"}],"author":[{"embeddable":true,"href":"https:\/\/www.europesays.com\/pt\/wp-json\/wp\/v2\/users\/2"}],"replies":[{"embeddable":true,"href":"https:\/\/www.europesays.com\/pt\/wp-json\/wp\/v2\/comments?post=202361"}],"version-history":[{"count":0,"href":"https:\/\/www.europesays.com\/pt\/wp-json\/wp\/v2\/posts\/202361\/revisions"}],"wp:featuredmedia":[{"embeddable":true,"href":"https:\/\/www.europesays.com\/pt\/wp-json\/wp\/v2\/media\/202362"}],"wp:attachment":[{"href":"https:\/\/www.europesays.com\/pt\/wp-json\/wp\/v2\/media?parent=202361"}],"wp:term":[{"taxonomy":"category","embeddable":true,"href":"https:\/\/www.europesays.com\/pt\/wp-json\/wp\/v2\/categories?post=202361"},{"taxonomy":"post_tag","embeddable":true,"href":"https:\/\/www.europesays.com\/pt\/wp-json\/wp\/v2\/tags?post=202361"}],"curies":[{"name":"wp","href":"https:\/\/api.w.org\/{rel}","templated":true}]}}