{"id":202381,"date":"2025-12-25T20:44:15","date_gmt":"2025-12-25T20:44:15","guid":{"rendered":"https:\/\/www.europesays.com\/pt\/202381\/"},"modified":"2025-12-25T20:44:15","modified_gmt":"2025-12-25T20:44:15","slug":"dylan-e-vera-tiveram-finalmente-a-conversa-e-o-que-aconteceu-surpreende-qualquer-um-secret-story","status":"publish","type":"post","link":"https:\/\/www.europesays.com\/pt\/202381\/","title":{"rendered":"Dylan e Vera tiveram finalmente \u201cA Conversa\u201d. E o que aconteceu surpreende qualquer um &#8211; Secret Story"},"content":{"rendered":"<p style=\"margin-bottom:11px\">Vera e Dylan s\u00e3o ex-concorrentes desta edi\u00e7\u00e3o do Secret Story e estiveram esta manh\u00e3 <a href=\"https:\/\/tvi.iol.pt\/doisas10\/video\/houve-conversa-entre-dylan-e-vera-eles-contam-tudo-pela-primeira-vez\/694ae29b0cf229bd2f8d72fb\" rel=\"nofollow noopener\" target=\"_blank\">no programa &#8216;Dois \u00e0s 10&#8217;, especial Natal, na TVI,<\/a> para falar sobre o p\u00f3s-programa.<\/p>\n<p style=\"margin-bottom:11px\">Recorde-se que os dois tiveram uma rela\u00e7\u00e3o conturbada, que come\u00e7ou com um romance, mas acabou com<a href=\"https:\/\/tviplayer.iol.pt\/programa\/secret-story\/66d83c2dd34ea1acf26df8b7\/video\/68f645030cf29d28d8297650\" rel=\"nofollow noopener\" target=\"_blank\"> uma agress\u00e3o, que levou mesmo \u00e0 expuls\u00e3o de Vera.\u00a0<\/a><\/p>\n<p style=\"margin-bottom:11px\">No &#8216;Dois \u00e0s 10&#8217;, Vera apresentou as filhas e revelou que j\u00e1 teve uma conversa com Dylan: \u00abJ\u00e1 fal\u00e1mos, acho que \u00e9 essencial, principalmente eu, seguir um caminho sem uma palavra de desculpa acho que iria ser muito mau. Senti essa necessidade\u00bb, disse.\u00a0<\/p>\n<p style=\"margin-bottom:11px\">\u00abVou guardar sempre (a experi\u00eancia com Dylan) com muito carinho, independentemente dos acontecimentos menos bons, devemo-nos focar nos bons\u00bb, acrescentou a ex-concorrente.\u00a0<\/p>\n<p style=\"margin-bottom:11px\">Dylan tamb\u00e9m esteve no programa e falou sobre Vera: \u00abFiz quest\u00e3o de falar com a Vera e ela tamb\u00e9m ligou e estivemos a conversar um bocadinho\u00bb.\u00a0<\/p>\n<p>\u00abA Vera disse que tinha necessidade de me pedir desculpa e pediu e eu aceito. Para mim o jogo terminou, a minha vida \u00e9 c\u00e1 fora, de resto est\u00e1 tudo bem, a vida segue e est\u00e1 esquecido e ultrapassado\u00bb, rematou.\u00a0<\/p>\n","protected":false},"excerpt":{"rendered":"Vera e Dylan s\u00e3o ex-concorrentes desta edi\u00e7\u00e3o do Secret Story e estiveram esta manh\u00e3 no programa &#8216;Dois \u00e0s&hellip;\n","protected":false},"author":2,"featured_media":202382,"comment_status":"","ping_status":"","sticky":false,"template":"","format":"standard","meta":{"footnotes":""},"categories":[142],"tags":[18706,19105,114,115,18705,32,33,151,11841,18704],"class_list":{"0":"post-202381","1":"post","2":"type-post","3":"status-publish","4":"format-standard","5":"has-post-thumbnail","7":"category-tv","8":"tag-bastidores-secret-story","9":"tag-dylan","10":"tag-entertainment","11":"tag-entretenimento","12":"tag-entrevistas-concorrentes-tvi","13":"tag-portugal","14":"tag-pt","15":"tag-tv","16":"tag-vera","17":"tag-vida-fora-da-casa"},"share_on_mastodon":{"url":"https:\/\/pubeurope.com\/@pt\/115782160440432944","error":""},"_links":{"self":[{"href":"https:\/\/www.europesays.com\/pt\/wp-json\/wp\/v2\/posts\/202381","targetHints":{"allow":["GET"]}}],"collection":[{"href":"https:\/\/www.europesays.com\/pt\/wp-json\/wp\/v2\/posts"}],"about":[{"href":"https:\/\/www.europesays.com\/pt\/wp-json\/wp\/v2\/types\/post"}],"author":[{"embeddable":true,"href":"https:\/\/www.europesays.com\/pt\/wp-json\/wp\/v2\/users\/2"}],"replies":[{"embeddable":true,"href":"https:\/\/www.europesays.com\/pt\/wp-json\/wp\/v2\/comments?post=202381"}],"version-history":[{"count":0,"href":"https:\/\/www.europesays.com\/pt\/wp-json\/wp\/v2\/posts\/202381\/revisions"}],"wp:featuredmedia":[{"embeddable":true,"href":"https:\/\/www.europesays.com\/pt\/wp-json\/wp\/v2\/media\/202382"}],"wp:attachment":[{"href":"https:\/\/www.europesays.com\/pt\/wp-json\/wp\/v2\/media?parent=202381"}],"wp:term":[{"taxonomy":"category","embeddable":true,"href":"https:\/\/www.europesays.com\/pt\/wp-json\/wp\/v2\/categories?post=202381"},{"taxonomy":"post_tag","embeddable":true,"href":"https:\/\/www.europesays.com\/pt\/wp-json\/wp\/v2\/tags?post=202381"}],"curies":[{"name":"wp","href":"https:\/\/api.w.org\/{rel}","templated":true}]}}