{"id":202393,"date":"2025-12-25T20:52:18","date_gmt":"2025-12-25T20:52:18","guid":{"rendered":"https:\/\/www.europesays.com\/pt\/202393\/"},"modified":"2025-12-25T20:52:18","modified_gmt":"2025-12-25T20:52:18","slug":"a-fruta-mais-mal-cheirosa-do-mundo-e-uma-loucura-na-china-e-uma-arma-diplomatica","status":"publish","type":"post","link":"https:\/\/www.europesays.com\/pt\/202393\/","title":{"rendered":"A fruta mais mal cheirosa do mundo \u00e9 uma loucura na China \u2014 e uma arma diplom\u00e1tica"},"content":{"rendered":"<p class=\"wp-caption-text top\">Rungroj Yongrit \/ EPA<\/p>\n<p><img decoding=\"async\" loading=\"lazy\" class=\"size-kopa-image-size-3 wp-image-718675\" src=\"https:\/\/www.europesays.com\/pt\/wp-content\/uploads\/2025\/12\/0108477eff6bc8c07af87e6595aa9b79-783x450.jpg\" alt=\"\" width=\"700\" height=\"402\"  \/><\/p>\n<p class=\"wp-caption-text bot\">Trabalhadores preparam duri\u00e3o num mercado de fruta perto de Bangkok, na Tail\u00e2ndia<\/p>\n<p><strong>A popularidade do duri\u00e3o na China \u00e9 tal que os governos do Sudeste Asi\u00e1tico, onde \u00e9 produzida a maior parte desta fruta, est\u00e3o a usar as exporta\u00e7\u00f5es como instrumento de influ\u00eancia pol\u00edtica e econ\u00f3mica \u2014 transformando algumas zonas agr\u00edcolas anteriormente pobres em focos de prosperidade.<br \/><\/strong><\/p>\n<p>Distintivo no sabor e notoriamente divisivo, o <a href=\"https:\/\/zap.aeiou.pt\/tag\/duriao\" data-wpel-link=\"internal\" rel=\"nofollow noopener\" target=\"_blank\">duri\u00e3o<\/a> n\u00e3o \u00e9 a fruta preferida de todos. Foi certamente o caso de alguns exploradores chineses quando o encontraram pela primeira vez durante as primeiras viagens mar\u00edtimas da dinastia Ming.<\/p>\n<p>Um registo remonta a 1413, quando um tradutor chamado<strong> Ma Huan<\/strong> viajou para o que \u00e9 hoje a Mal\u00e1sia numa expedi\u00e7\u00e3o com o diplomata e almirante Zheng He.<\/p>\n<p>No seu relato de viagem, Ma descreveu o duri\u00e3o como um \u201c<a href=\"https:\/\/zap.aeiou.pt\/fruto-mais-mal-cheiroso-evacuacao-331868\" data-wpel-link=\"internal\" rel=\"nofollow noopener\" target=\"_blank\">fruto fedorento<\/a>\u201d, que cheirava a \u201c<strong>carne de vaca apodrecida<\/strong>\u201d.<\/p>\n<p>Mas avancemos seis s\u00e9culos \u2014 e esta fruta tropical acabaria por vir a instalar-se no quotidiano chin\u00eas, contam <strong>Ming Gao e Tabita Rosendal<\/strong>, investigadores da Universidade de Lund, na Su\u00e9cia, num artigo no <a href=\"https:\/\/theconversation.com\/chinas-durian-craze-has-turned-this-tropical-fruit-into-a-tool-of-diplomacy-271675\" data-wpel-link=\"external\" target=\"_blank\" rel=\"nofollow external noopener noreferrer\" class=\"ext-link\">The Conversation<\/a>.<\/p>\n<p>A China \u00e9 hoje o <strong>maior importador mundial de duri\u00e3o<\/strong>, representando cerca de 95% da procura global. As importa\u00e7\u00f5es dispararam para um m\u00e1ximo hist\u00f3rico de quase 7 mil milh\u00f5es de d\u00f3lares <strong>(5,9 mil milh\u00f5es de euros<\/strong>) em 2024.<\/p>\n<p>A <strong>popularidade do duri\u00e3o na China<\/strong> \u00e9 tal que os governos do Sudeste Asi\u00e1tico, onde \u00e9 produzido a maior parte do duri\u00e3o do mundo, est\u00e3o a usar as exporta\u00e7\u00f5es como <strong>instrumento de influ\u00eancia pol\u00edtica e econ\u00f3mica<\/strong>.<\/p>\n<p>H\u00e1 anos que <strong>oferecer duri\u00f5es de qualidade superior<\/strong> a respons\u00e1veis chineses \u00e9 uma das formas encontradas por governos do Sudeste Asi\u00e1tico para cultivar boa vontade. Numa visita a Pequim, em 1975, por exemplo, o antigo primeiro-ministro tailand\u00eas Kukrit Pramoj <strong>ofereceu 200 duri\u00f5es a dirigentes chineses<\/strong>.<\/p>\n<p>Mais recentemente, em 2024, o <strong>rei da Mal\u00e1sia, Ibrahim<\/strong>, ofereceu ao presidente chin\u00eas, <strong>Xi Jinping<\/strong>, duas caixas de duri\u00f5es premium durante uma visita de Estado.<\/p>\n<p>Entre elas estava o <strong>cobi\u00e7ado Musang King<\/strong>, uma variedade frequentemente apelidada na China de <strong>\u201cHerm\u00e8s dos duri\u00f5es\u201d<\/strong>, numa alus\u00e3o \u00e0 marca de moda Herm\u00e8s, associada no pa\u00eds a um <strong>prest\u00edgio extremo<\/strong>.<\/p>\n<p>O primeiro-ministro chin\u00eas, <strong>Li Qiang<\/strong>, e o primeiro-ministro malaio,<strong> Anwar Ibrahim<\/strong>, tinham tamb\u00e9m sido filmados, no in\u00edcio desse ano, sentados lado a lado, a abrir um duri\u00e3o com uma faca e a <strong>com\u00ea-lo com uma colher<\/strong>. A forma tradicional de consumir este fruto passa por <strong>abri-lo e comer a polpa \u00e0 m\u00e3o<\/strong>.<\/p>\n<p class=\"wp-caption-text top\"><a href=\"https:\/\/www.flickr.com\/photos\/fchungcw\/15154926956\/sizes\/l\" rel=\"nofollow external noopener noreferrer\" data-wpel-link=\"external\" target=\"_blank\" class=\"ext-link\">fchungcw \/ Flickr <\/a><\/p>\n<p><img decoding=\"async\" loading=\"lazy\" class=\"size-kopa-image-size-3 wp-image-200930\" src=\"https:\/\/www.europesays.com\/pt\/wp-content\/uploads\/2025\/12\/b136b6f799728ca47f5b72eb6dd54bc4-783x450.jpg\" alt=\"\" width=\"700\" height=\"402\"  \/><\/p>\n<p class=\"wp-caption-text bot\">O duri\u00e3o tem um odor intenso, o que o leva a ser odiado por muitas pessoas \u2014 que nem chegam a experimentar o seu sabor<\/p>\n<p>No entanto, o duri\u00e3o <strong>\u00e9 mais do que um s\u00edmbolo de amizade<\/strong> entre os Estados do Sudeste Asi\u00e1tico e Pequim. A enorme procura chinesa por duri\u00f5es tem impulsionado o <strong>crescimento econ\u00f3mico interno por toda a regi\u00e3o<\/strong>, transformando algumas zonas agr\u00edcolas anteriormente pobres em focos de prosperidade.<\/p>\n<p>Segundo <strong>Eric Chan<\/strong>, agricultor malaio entrevistado pelo <a href=\"https:\/\/www.nytimes.com\/2024\/06\/16\/business\/durian-china-malaysia-thailand.html\" data-wpel-link=\"external\" target=\"_blank\" rel=\"nofollow external noopener noreferrer\" class=\"ext-link\">The New York Times<\/a> em 2024, as receitas das vendas para a China <strong>transformaram a sua localidade<\/strong>.<\/p>\n<p>Chan afirma que os produtores locais de duri\u00f5es conseguiram reconstruir as casas, <strong>passando de \u201cmadeira para tijolo\u201d<\/strong>, e que agora \u201cpodem pagar para mandar os filhos <strong>estudar para uma universidade no estrangeiro<\/strong>\u201d.<\/p>\n<p>Os pa\u00edses do Sudeste Asi\u00e1tico tamb\u00e9m t\u00eam aproveitado o apetite chin\u00eas por duri\u00f5es para <strong>refor\u00e7ar as rela\u00e7\u00f5es econ\u00f3micas com Pequim<\/strong>. As exporta\u00e7\u00f5es vietnamitas de duri\u00e3o, por exemplo, t\u00eam sido apontadas como determinantes para abrir acesso ao mercado chin\u00eas a outros produtos agr\u00edcolas de produ\u00e7\u00e3o nacional.<\/p>\n<p>E o vice-primeiro-ministro malaio, <strong>Ahmad Zahid Hamidi<\/strong>, afirmou abertamente que v\u00ea nas exporta\u00e7\u00f5es de duri\u00e3o uma forma de <strong>assegurar investimentos chineses<\/strong> subsequentes.<\/p>\n<p>\u201c<strong>A diplomacia do duri\u00e3o n\u00e3o \u00e9 apenas diplomacia<\/strong>, \u00e9 neg\u00f3cio do duri\u00e3o\u201d, disse Hamidi em novembro. \u201cPrecisamos de trabalhar com empres\u00e1rios chineses para <strong>desenvolver ainda mais as planta\u00e7\u00f5es<\/strong> de Musang King na Mal\u00e1sia e devemos tamb\u00e9m refor\u00e7ar em conjunto as ind\u00fastrias a jusante.\u201d<\/p>\n<p>Para a China, o com\u00e9rcio de duri\u00e3o integra uma <strong>estrat\u00e9gia mais ampla<\/strong>. Desde que chegou ao poder, em 2013, Xi Jinping tem sublinhado repetidamente que o pa\u00eds precisa de <strong>salvaguardar a sua seguran\u00e7a alimentar<\/strong>.<\/p>\n<p>Investigadores descrevem a abordagem como uma \u201c<strong>rota da seda alimentar<\/strong>\u201d: uma rede emergente de investimentos e acordos comerciais concebida para diversificar as importa\u00e7\u00f5es alimentares chinesas por v\u00e1rias regi\u00f5es do mundo.<\/p>\n<p>O duri\u00e3o proveniente do Sudeste Asi\u00e1tico \u00e9, assim, apenas uma parte de um fluxo <strong>muito mais vasto<\/strong>.<\/p>\n<p class=\"wp-caption-text top\"><a href=\"https:\/\/www.canva.com\/photos\/MADas3pc_q8-fruit-of-durian-in-hands\/\" rel=\"nofollow external noopener noreferrer\" data-wpel-link=\"external\" target=\"_blank\" class=\"ext-link\">Yarygin \/ Canva<\/a><\/p>\n<p><img decoding=\"async\" loading=\"lazy\" class=\"size-kopa-image-size-3 wp-image-312258\" src=\"https:\/\/www.europesays.com\/pt\/wp-content\/uploads\/2025\/12\/755cf40b46f18256a4d194c5a3d9d0b3-783x450.jpg\" alt=\"\" width=\"700\" height=\"402\"  \/><\/p>\n<p class=\"wp-caption-text bot\">Os pa\u00edses do Sudeste Asi\u00e1tico tamb\u00e9m t\u00eam aproveitado o apetite chin\u00eas por duri\u00f5es para refor\u00e7ar as rela\u00e7\u00f5es econ\u00f3micas com Pequim<\/p>\n<p>A Nova Zel\u00e2ndia exporta para a China a maior parte dos seus <strong>kiwis dourados<\/strong> premium, e o mercado chin\u00eas \u00e9 um destino igualmente importante para as cerejas chilenas. H\u00e1 relatos que sugerem tamb\u00e9m um aumento dos envios de <strong>abacates<\/strong> do Qu\u00e9nia para a China.<\/p>\n<p>O <strong>regresso de Donald Trump \u00e0 Casa Branca<\/strong> em janeiro, e o caos global que se seguiu \u00e0 sua <a href=\"https:\/\/zap.aeiou.pt\/thread\/guerra-das-tarifas\" data-wpel-link=\"internal\" rel=\"nofollow noopener\" target=\"_blank\">guerra das tarifas<\/a>, <strong>permitiu \u00e0 China consolidar estas rela\u00e7\u00f5es<\/strong>.<\/p>\n<p>No primeiro trimestre de 2025, por exemplo, as importa\u00e7\u00f5es chinesas de produtos agr\u00edcolas provenientes de membros da Associa\u00e7\u00e3o de Na\u00e7\u00f5es do Sudeste Asi\u00e1tico atingiram <strong>quase 7,5 mil milh\u00f5es de d\u00f3lares \u2014 um aumento de 14%<\/strong> face ao mesmo per\u00edodo de 2024.<\/p>\n<p>Segundo a Chatham House, um think tank brit\u00e2nico de rela\u00e7\u00f5es internacionais, as <strong>pol\u00edticas err\u00e1ticas de Trump<\/strong> levaram a uma degrada\u00e7\u00e3o da perce\u00e7\u00e3o dos EUA entre respons\u00e1veis do Sudeste Asi\u00e1tico, o que poder\u00e1 fazer com que pa\u00edses da regi\u00e3o, <strong>incluindo aliados tradicionais<\/strong> de Washington como as Filipinas e a Tail\u00e2ndia, se <strong>aproximem ainda mais da esfera de influ\u00eancia de Pequim<\/strong> num futuro pr\u00f3ximo.<\/p>\n<p>A explos\u00e3o do duri\u00e3o na China trouxe<strong> crescimento r\u00e1pido ao Sudeste Asi\u00e1tico<\/strong>, mas tamb\u00e9m gerou v\u00e1rias <strong>consequ\u00eancias n\u00e3o intencionais<\/strong>.<\/p>\n<p>A cria\u00e7\u00e3o de novas planta\u00e7\u00f5es, por exemplo, tem contribu\u00eddo para a <strong>desfloresta\u00e7\u00e3o<\/strong> na Indon\u00e9sia, no Laos e na Mal\u00e1sia. Isso perturbou habitats e ecossistemas locais, <strong>colocando em risco esp\u00e9cies animais amea\u00e7adas<\/strong>, como o tigre-malaio.<\/p>\n<p>\u00c0 medida que o mercado chin\u00eas continua a crescer, os pa\u00edses do Sudeste Asi\u00e1tico ter\u00e3o tamb\u00e9m de se preparar para um<strong> maior controlo estrangeiro<\/strong> sobre as cadeias de abastecimento e para a<strong> incerteza regulat\u00f3ria<\/strong> num contexto de economia global inst\u00e1vel.<\/p>\n<p><strong>O desafio, daqui para a frente<\/strong>, ser\u00e1 captar os benef\u00edcios da procura chinesa por duri\u00f5es, ao mesmo tempo que se gere a expans\u00e3o do sector, concluem Gao e Rosendal.<\/p>\n<p>    <a href=\"https:\/\/zap.aeiou.pt\/subscrever-newsletter\" data-wpel-link=\"internal\" rel=\"nofollow noopener\" target=\"_blank\">&#13;<br \/>\n        <img loading=\"lazy\" decoding=\"async\" class=\"aligncenter size-full wp-image-575475\" src=\"https:\/\/www.europesays.com\/pt\/wp-content\/uploads\/2025\/12\/1765389371_545_2d51fe4a0ba54894421ead1809309ed9-1-450x140.jpg\" alt=\"Subscreva a Newsletter ZAP\" width=\"450\" height=\"140\"\/>&#13;<br \/>\n    <\/a><\/p>\n<p>                <a href=\"https:\/\/whatsapp.com\/channel\/0029VaIC4EE2f3EJZPPSbR34\" data-wpel-link=\"external\" target=\"_blank\" rel=\"nofollow external noopener noreferrer\" class=\"ext-link\">&#13;<br \/>\n                    <img loading=\"lazy\" decoding=\"async\" class=\"aligncenter size-full wp-image-575475\" src=\"https:\/\/www.europesays.com\/pt\/wp-content\/uploads\/2025\/12\/1765389371_770_c68c559d956d4ca20f435ed74a6e71e6.png\" alt=\"Siga-nos no WhatsApp\" width=\"175\" height=\"64\"\/>&#13;<br \/>\n                <\/a><\/p>\n<p>                <a href=\"https:\/\/news.google.com\/publications\/CAAiEHRwZondIV71PDjWNoqMduEqFAgKIhB0cGaJ3SFe9Tw41jaKjHbh?hl=en-US&amp;gl=US&amp;ceid=US%3Aen\" data-wpel-link=\"external\" target=\"_blank\" rel=\"nofollow external noopener noreferrer\" class=\"ext-link\">&#13;<br \/>\n                    <img loading=\"lazy\" decoding=\"async\" class=\"aligncenter size-full wp-image-575475\" src=\"https:\/\/www.europesays.com\/pt\/wp-content\/uploads\/2025\/12\/1765389372_556_5123dd8b087b644fdb8f8603acd1bad4.png\" alt=\"Siga-nos no Google News\" width=\"176\" height=\"64\"\/>&#13;<br \/>\n                <\/a><\/p>\n","protected":false},"excerpt":{"rendered":"Rungroj Yongrit \/ EPA Trabalhadores preparam duri\u00e3o num mercado de fruta perto de Bangkok, na Tail\u00e2ndia A popularidade&hellip;\n","protected":false},"author":2,"featured_media":202394,"comment_status":"","ping_status":"","sticky":false,"template":"","format":"standard","meta":{"footnotes":""},"categories":[50],"tags":[562,2369,367,27,28,358,637,476,15,16,14,25,26,21,22,62,12,13,19,20,1863,23,24,17,18,29,30,31,63,64,65],"class_list":{"0":"post-202393","1":"post","2":"type-post","3":"status-publish","4":"format-standard","5":"has-post-thumbnail","7":"category-mundo","8":"tag-agricultura","9":"tag-alimentacao","10":"tag-asia","11":"tag-breaking-news","12":"tag-breakingnews","13":"tag-china","14":"tag-diplomacia","15":"tag-economia","16":"tag-featured-news","17":"tag-featurednews","18":"tag-headlines","19":"tag-latest-news","20":"tag-latestnews","21":"tag-main-news","22":"tag-mainnews","23":"tag-mundo","24":"tag-news","25":"tag-noticias","26":"tag-noticias-principais","27":"tag-noticiasprincipais","28":"tag-nutricao","29":"tag-principais-noticias","30":"tag-principaisnoticias","31":"tag-top-stories","32":"tag-topstories","33":"tag-ultimas","34":"tag-ultimas-noticias","35":"tag-ultimasnoticias","36":"tag-world","37":"tag-world-news","38":"tag-worldnews"},"share_on_mastodon":{"url":"https:\/\/pubeurope.com\/@pt\/115782192576395305","error":""},"_links":{"self":[{"href":"https:\/\/www.europesays.com\/pt\/wp-json\/wp\/v2\/posts\/202393","targetHints":{"allow":["GET"]}}],"collection":[{"href":"https:\/\/www.europesays.com\/pt\/wp-json\/wp\/v2\/posts"}],"about":[{"href":"https:\/\/www.europesays.com\/pt\/wp-json\/wp\/v2\/types\/post"}],"author":[{"embeddable":true,"href":"https:\/\/www.europesays.com\/pt\/wp-json\/wp\/v2\/users\/2"}],"replies":[{"embeddable":true,"href":"https:\/\/www.europesays.com\/pt\/wp-json\/wp\/v2\/comments?post=202393"}],"version-history":[{"count":0,"href":"https:\/\/www.europesays.com\/pt\/wp-json\/wp\/v2\/posts\/202393\/revisions"}],"wp:featuredmedia":[{"embeddable":true,"href":"https:\/\/www.europesays.com\/pt\/wp-json\/wp\/v2\/media\/202394"}],"wp:attachment":[{"href":"https:\/\/www.europesays.com\/pt\/wp-json\/wp\/v2\/media?parent=202393"}],"wp:term":[{"taxonomy":"category","embeddable":true,"href":"https:\/\/www.europesays.com\/pt\/wp-json\/wp\/v2\/categories?post=202393"},{"taxonomy":"post_tag","embeddable":true,"href":"https:\/\/www.europesays.com\/pt\/wp-json\/wp\/v2\/tags?post=202393"}],"curies":[{"name":"wp","href":"https:\/\/api.w.org\/{rel}","templated":true}]}}