{"id":202419,"date":"2025-12-25T21:30:09","date_gmt":"2025-12-25T21:30:09","guid":{"rendered":"https:\/\/www.europesays.com\/pt\/202419\/"},"modified":"2025-12-25T21:30:09","modified_gmt":"2025-12-25T21:30:09","slug":"dentro-do-secret-story-ines-nao-sabe-mas-vera-tomou-uma-decisao-radical-a-seu-respeito-secret-story","status":"publish","type":"post","link":"https:\/\/www.europesays.com\/pt\/202419\/","title":{"rendered":"Dentro do Secret Story In\u00eas n\u00e3o sabe, mas Vera tomou uma decis\u00e3o radical a seu respeito &#8211; Secret Story"},"content":{"rendered":"<p style=\"margin-bottom:11px\">Vera tomou uma decis\u00e3o radical em rela\u00e7\u00e3o a In\u00eas, que ainda est\u00e1 dentro do Secret Story 9 e n\u00e3o faz ideia do que se passa fora da casa mais vigiada do Pa\u00eds.<\/p>\n<p style=\"margin-bottom:11px\">No programa &#8216;Dois \u00e0s 10&#8217; da TVI, a ex-concorrente &#8211; que foi expulsa por agredir Dylan &#8211; falou sobre In\u00eas, com quem formou uma amizade na casa, mas que n\u00e3o acabou da melhor forma precisamente por causa do colega.\u00a0<\/p>\n<p style=\"margin-bottom:11px\">\u00abN\u00e3o me imagino a ter uma conversa com a In\u00eas, n\u00e3o consigo, n\u00e3o vou conseguir, porque acho que n\u00e3o vai ser sincero da parte dela. Acho que ela poderia ter sido sincera como eu fui, eu fui sincera por aquilo que eu estava a sentir\u2026\u00bb, disse Vera.\u00a0<\/p>\n<p style=\"margin-bottom:11px\">Vera explicou depois a diferen\u00e7a na rela\u00e7\u00e3o com In\u00eas e com Dylan: \u00abA In\u00eas focou-se mais no cuidado, preocupa\u00e7\u00e3o comigo e eu fiquei mais ligada aquilo que a In\u00eas me transmitiu, o Dylan focava-se mais nos colegas e procurava-me muito poucas vezes\u00bb, acrescentou.\u00a0<\/p>\n<p style=\"margin-bottom:11px\">Recorde-se que Vera come\u00e7ou uma rela\u00e7\u00e3o amorosa com Dylan dentro da casa. Contudo, os dois desentenderam-se e ela acabou a agredi-lo, sendo expulsa do programa. Depois, Dylan aproximou-se de In\u00eas e os dois iniciaram um romance.\u00a0<\/p>\n","protected":false},"excerpt":{"rendered":"Vera tomou uma decis\u00e3o radical em rela\u00e7\u00e3o a In\u00eas, que ainda est\u00e1 dentro do Secret Story 9 e&hellip;\n","protected":false},"author":2,"featured_media":202420,"comment_status":"","ping_status":"","sticky":false,"template":"","format":"standard","meta":{"footnotes":""},"categories":[142],"tags":[18706,19105,114,115,18705,15353,32,33,151,11841,18704],"class_list":{"0":"post-202419","1":"post","2":"type-post","3":"status-publish","4":"format-standard","5":"has-post-thumbnail","7":"category-tv","8":"tag-bastidores-secret-story","9":"tag-dylan","10":"tag-entertainment","11":"tag-entretenimento","12":"tag-entrevistas-concorrentes-tvi","13":"tag-ines","14":"tag-portugal","15":"tag-pt","16":"tag-tv","17":"tag-vera","18":"tag-vida-fora-da-casa"},"share_on_mastodon":{"url":"https:\/\/pubeurope.com\/@pt\/115782341303594264","error":""},"_links":{"self":[{"href":"https:\/\/www.europesays.com\/pt\/wp-json\/wp\/v2\/posts\/202419","targetHints":{"allow":["GET"]}}],"collection":[{"href":"https:\/\/www.europesays.com\/pt\/wp-json\/wp\/v2\/posts"}],"about":[{"href":"https:\/\/www.europesays.com\/pt\/wp-json\/wp\/v2\/types\/post"}],"author":[{"embeddable":true,"href":"https:\/\/www.europesays.com\/pt\/wp-json\/wp\/v2\/users\/2"}],"replies":[{"embeddable":true,"href":"https:\/\/www.europesays.com\/pt\/wp-json\/wp\/v2\/comments?post=202419"}],"version-history":[{"count":0,"href":"https:\/\/www.europesays.com\/pt\/wp-json\/wp\/v2\/posts\/202419\/revisions"}],"wp:featuredmedia":[{"embeddable":true,"href":"https:\/\/www.europesays.com\/pt\/wp-json\/wp\/v2\/media\/202420"}],"wp:attachment":[{"href":"https:\/\/www.europesays.com\/pt\/wp-json\/wp\/v2\/media?parent=202419"}],"wp:term":[{"taxonomy":"category","embeddable":true,"href":"https:\/\/www.europesays.com\/pt\/wp-json\/wp\/v2\/categories?post=202419"},{"taxonomy":"post_tag","embeddable":true,"href":"https:\/\/www.europesays.com\/pt\/wp-json\/wp\/v2\/tags?post=202419"}],"curies":[{"name":"wp","href":"https:\/\/api.w.org\/{rel}","templated":true}]}}