{"id":202439,"date":"2025-12-25T21:53:10","date_gmt":"2025-12-25T21:53:10","guid":{"rendered":"https:\/\/www.europesays.com\/pt\/202439\/"},"modified":"2025-12-25T21:53:10","modified_gmt":"2025-12-25T21:53:10","slug":"william-volta-ao-onze-dos-dragoes-num-duelo-muito-particular-com-borja","status":"publish","type":"post","link":"https:\/\/www.europesays.com\/pt\/202439\/","title":{"rendered":"William volta ao onze dos drag\u00f5es num duelo muito particular com Borja"},"content":{"rendered":"<p>Borja Sainz foi a grande figura na vit\u00f3ria em Alverca, ao marcar dois dos tr\u00eas golos dos drag\u00f5es, o segundo dos quais num incr\u00edvel remate em arco, mas o espanhol n\u00e3o vai poder dar continuidade ao bom momento. O cart\u00e3o amarelo visto no Ribatejo obriga-o a cumprir castigo, na segunda-feira, frente ao AVS e abre caminho \u00e0 titularidade de William Gomes, com quem tem protagonizado um duelo muito particular.<\/p>\n","protected":false},"excerpt":{"rendered":"Borja Sainz foi a grande figura na vit\u00f3ria em Alverca, ao marcar dois dos tr\u00eas golos dos drag\u00f5es,&hellip;\n","protected":false},"author":2,"featured_media":202440,"comment_status":"","ping_status":"","sticky":false,"template":"","format":"standard","meta":{"footnotes":""},"categories":[87],"tags":[1010,135,20558,32,33,134,13337],"class_list":{"0":"post-202439","1":"post","2":"type-post","3":"status-publish","4":"format-standard","5":"has-post-thumbnail","7":"category-desporto","8":"tag-borja-sainz","9":"tag-desporto","10":"tag-f-c-porto","11":"tag-portugal","12":"tag-pt","13":"tag-sports","14":"tag-william-gomes"},"share_on_mastodon":{"url":"https:\/\/pubeurope.com\/@pt\/115782432049805004","error":""},"_links":{"self":[{"href":"https:\/\/www.europesays.com\/pt\/wp-json\/wp\/v2\/posts\/202439","targetHints":{"allow":["GET"]}}],"collection":[{"href":"https:\/\/www.europesays.com\/pt\/wp-json\/wp\/v2\/posts"}],"about":[{"href":"https:\/\/www.europesays.com\/pt\/wp-json\/wp\/v2\/types\/post"}],"author":[{"embeddable":true,"href":"https:\/\/www.europesays.com\/pt\/wp-json\/wp\/v2\/users\/2"}],"replies":[{"embeddable":true,"href":"https:\/\/www.europesays.com\/pt\/wp-json\/wp\/v2\/comments?post=202439"}],"version-history":[{"count":0,"href":"https:\/\/www.europesays.com\/pt\/wp-json\/wp\/v2\/posts\/202439\/revisions"}],"wp:featuredmedia":[{"embeddable":true,"href":"https:\/\/www.europesays.com\/pt\/wp-json\/wp\/v2\/media\/202440"}],"wp:attachment":[{"href":"https:\/\/www.europesays.com\/pt\/wp-json\/wp\/v2\/media?parent=202439"}],"wp:term":[{"taxonomy":"category","embeddable":true,"href":"https:\/\/www.europesays.com\/pt\/wp-json\/wp\/v2\/categories?post=202439"},{"taxonomy":"post_tag","embeddable":true,"href":"https:\/\/www.europesays.com\/pt\/wp-json\/wp\/v2\/tags?post=202439"}],"curies":[{"name":"wp","href":"https:\/\/api.w.org\/{rel}","templated":true}]}}