{"id":202443,"date":"2025-12-25T21:55:32","date_gmt":"2025-12-25T21:55:32","guid":{"rendered":"https:\/\/www.europesays.com\/pt\/202443\/"},"modified":"2025-12-25T21:55:32","modified_gmt":"2025-12-25T21:55:32","slug":"apos-7-anos-sem-voar-ave-reaprende-a-usar-as-asas-com-ajuda-de-rapaz-e-amizade-comove-milhoes","status":"publish","type":"post","link":"https:\/\/www.europesays.com\/pt\/202443\/","title":{"rendered":"Ap\u00f3s 7 anos sem voar, ave reaprende a usar as asas com ajuda de rapaz, e amizade comove milh\u00f5es"},"content":{"rendered":"<p>Rajah \u00e9 uma arara-canind\u00e9 que chegou \u00e0 vida de <b><a rel=\"nofollow noopener\" target=\"_blank\" href=\"https:\/\/www.instagram.com\/lucca.arara\/\" title=\"Link: https:\/\/www.instagram.com\/lucca.arara\/\">Lucas<\/a><\/b> por meio da ado\u00e7\u00e3o e, desde ent\u00e3o, transformou completamente sua rotina com <b>intelig\u00eancia<\/b>, <b>afeto<\/b> e uma conex\u00e3o que vai muito al\u00e9m das palavras.<\/p>\n<p>Curiosa, expressiva e cheia de personalidade, Rajah passou a fazer parte do dia a dia de Lucas de forma intensa, mostrando que o v\u00ednculo entre humanos e animais pode ser verdadeiro e transformador.<\/p>\n<p>Mas essa hist\u00f3ria \u00e9 feita de troca. Assim como Rajah mudou a vida de Lucas, Lucas tamb\u00e9m mudou a vida de Rajah.<\/p>\n<p>Apesar de toda a sua <b>exuber\u00e2ncia<\/b> e <b>majestade<\/b>, a arara n\u00e3o sabia voar. Seu mundo era limitado, como o de tantos p\u00e1ssaros que nunca tiveram a chance de experimentar a pr\u00f3pria ess\u00eancia.<\/p>\n<p>Foi com paci\u00eancia, amor e incentivo constante de Lucas \u2014 e tamb\u00e9m de Sarah, outra arara-canind\u00e9 \u2014 que Rajah descobriu algo: a liberdade.<\/p>\n<p>Aprender a voar n\u00e3o foi apenas um avan\u00e7o f\u00edsico, mas um despertar. Rajah percebeu que a vida de um p\u00e1ssaro vai muito al\u00e9m de uma gaiola. Ela encontrou confian\u00e7a, coragem e o direito de ser quem nasceu para ser: livre.<\/p>\n<p>Rajah, uma arara que n\u00e3o sabia voar<\/p>\n<p>Lucas conta que Rajah viveu <b>sete anos<\/b> da sua vida sem voar. Durante todo esse tempo, a arara-canind\u00e9 passou os dias em <b>cativeiro<\/b>, limitada ao espa\u00e7o de uma <b>gaiola<\/b>, privada do gesto mais natural e essencial para uma ave: abrir as asas e seguir o pr\u00f3prio instinto.<\/p>\n<p>Esse passado deixou marcas profundas, vis\u00edveis n\u00e3o apenas no corpo, mas tamb\u00e9m no comportamento.<\/p>\n<p>Quando Rajah chegou aos cuidados de Lucas, ele logo entendeu que <b>acolher n\u00e3o seria suficiente<\/b>. Mais do que um lar seguro, ela precisava de <b>amor<\/b>, <b>paci\u00eancia<\/b> e, sobretudo, <b>sensibilidade<\/b>.<\/p>\n<p>Reaprender a voar n\u00e3o era apenas um desafio f\u00edsico \u2014 era emocional. Cada movimento exigia tempo, confian\u00e7a e respeito pelos limites constru\u00eddos ao longo de anos de priva\u00e7\u00e3o.<\/p>\n<p>Com a confian\u00e7a sendo <b>fortalecida<\/b> dia ap\u00f3s dia, Lucas mostrou a Rajah que a liberdade n\u00e3o precisava ser temida, mas vivida. Sem pressa, sem imposi\u00e7\u00f5es. Aos poucos, a ave come\u00e7ou a demonstrar curiosidade pelo mundo ao redor.<\/p>\n<p>Veja:<\/p>\n<p>Pela manh\u00e3, a primeira coisa que fazia era se aproximar da janela, observando o c\u00e9u e a rua em sil\u00eancio, como se tentasse compreender aquele espa\u00e7o que sempre lhe foi negado.<\/p>\n<p>Por n\u00e3o ter tido est\u00edmulos adequados, Rajah apresentava <b>movimentos repetitivos com as asas<\/b>, sinais claros de estresse e ansiedade acumulados ao longo dos anos.<\/p>\n<p>Observando atentamente esse comportamento, Lucas percebeu que algo ainda faltava: <b>companhia<\/b>. Araras s\u00e3o animais sociais, e a solid\u00e3o tamb\u00e9m havia sido uma pris\u00e3o invis\u00edvel.<\/p>\n<p>Foi ent\u00e3o que Sarah chegou para mudar tudo. A presen\u00e7a dela trouxe <b>seguran\u00e7a<\/b>, <b>confian\u00e7a<\/b> e um novo ritmo \u00e0 vida de Rajah. Em poucos dias, mudan\u00e7as j\u00e1 eram percept\u00edveis. O comportamento come\u00e7ou a se transformar, o olhar ganhou mais tranquilidade e os movimentos passaram a ter prop\u00f3sito.<\/p>\n<p>At\u00e9 que o momento mais esperado aconteceu. Confiante, Rajah deu seu <b>primeiro voo<\/b>. Ao lado de Sarah, ela passou a voar al\u00e9m do que um dia imaginou ser poss\u00edvel, explorando o espa\u00e7o, o vento e a pr\u00f3pria identidade.<\/p>\n<p>Confira:<\/p>\n<p>Se antes Rajah era uma ave <b>insegura<\/b>, <b>estressada<\/b>, <b>ansiosa<\/b> e com medo de tudo, hoje ela \u00e9 <b>confiante<\/b>, <b>tranquila<\/b> e cheia de vida. Em cada voo, expressa a transforma\u00e7\u00e3o que o <b>cuidado<\/b>, o <b>respeito<\/b> e o <b>amor verdadeiro<\/b> s\u00e3o capazes de promover.<\/p>\n<blockquote><p>\u201cO voo mudou a vida dela. E a companhia da Sarinha fez toda a diferen\u00e7a\u201d, declarou Lucas. \u201cEssa hist\u00f3ria mostra que n\u00e3o devemos impedir o comportamento natural de um animal.\u201d<\/p><\/blockquote>\n<p>Lucas contou a hist\u00f3ria de Rajah em um v\u00eddeo emocionante e a compartilhou em seu perfil no Instagram, <b><a rel=\"nofollow noopener\" target=\"_blank\" href=\"https:\/\/www.instagram.com\/reel\/DSbpmJrDTEh\/\" title=\"Link: https:\/\/www.instagram.com\/reel\/DSbpmJrDTEh\/\">@lucca.arara<\/a><\/b>, no dia <b>19 de dezembro<\/b>.<\/p>\n<p>Na legenda, ele resumiu todo o aprendizado dessa jornada em uma frase simples: <b>\u201cAves precisam voar. N\u00e3o prive o que \u00e9 natural.\u201d<\/b><\/p>\n<p>A mensagem tocou quem assistiu. Em pouco tempo, a publica\u00e7\u00e3o ultrapassou a marca de <b>2,9 milh\u00f5es de visualiza\u00e7\u00f5es<\/b>, al\u00e9m de reunir <b>milhares de coment\u00e1rios<\/b> carregados de emo\u00e7\u00e3o, reflex\u00e3o e gratid\u00e3o.<\/p>\n<p>Muitas pessoas se disseram impactadas n\u00e3o apenas pela transforma\u00e7\u00e3o de Rajah, mas pelo cuidado, respeito e consci\u00eancia demonstrados ao longo do processo.<\/p>\n<p>Entre as mensagens deixadas pelos internautas, algumas chamaram aten\u00e7\u00e3o pela sensibilidade:<\/p>\n<p>\u201cN\u00e3o sei explicar, mas a presen\u00e7a de Deus nesse v\u00eddeo \u00e9 surreal de linda\u201d, escreveu um seguidor.<\/p>\n<p>Outro comentou: \u201cIsso mostra muito al\u00e9m de um comportamento animal. Mostra que, \u00e0s vezes, n\u00f3s, seres humanos, tamb\u00e9m s\u00f3 precisamos de companhia para conseguir \u2018voar\u2019.\u201d<\/p>\n<p>J\u00e1 outra mensagem foi direta e reflexiva: \u201cQuem n\u00e3o cuida assim dos animais n\u00e3o deveria nem ter planta em casa.\u201d<\/p>\n<p>Assista:<\/p>\n<p>Os treinos de Rajah<\/p>\n<p>Os treinos de Rajah foram <b>tensos<\/b> e deixou toda a fam\u00edlia <b>nervosa<\/b>. O pobrezinho enfrentou dificuldades em v\u00e1rias etapas do voo, j\u00e1 que a <b>falta de experi\u00eancia<\/b> ainda n\u00e3o permite avaliar bem a <b>profundidade<\/b> e a <b>dist\u00e2ncia<\/b>.<\/p>\n<p>Al\u00e9m disso, a <b>fadiga muscular<\/b> provavelmente foi outro fator, pois dificulta manter o controle do voo e reduzir a velocidade no momento do pouso.<\/p>\n<p>Bom, mas independentemente das circunst\u00e2ncias, Lucas se manteve ao lado de seu amigo, atento a cada movimento, pronto para oferecer apoio, seguran\u00e7a e tranquilidade.<\/p>\n<p>Tanto se manteve por perto que, quando Rajah abriu voo e n\u00e3o conseguiu mais descer, Lucas precisou <b>intervir imediatamente<\/b>, subindo na \u00e1rvore para resgat\u00e1-lo.<\/p>\n<p>lucas compartilhou um v\u00eddeo mostrando como foi o resgate de Rajah, mas como disse &#8220;esse v\u00eddeo n\u00e3o \u00e9 sobre resgate, \u00e9 sobre parceria, \u00e9 sobre confiar, \u00e9 sobre estar presente mesmo quando tudo sai do controle e fazer o que for preciso pra quem a gente ama de veradde&#8221;<\/p>\n<p>Lucas compartilhou um v\u00eddeo mostrando como foi o resgate de Rajah, mas fez quest\u00e3o de deixar claro o verdadeiro significado da cena. Como ele mesmo disse: <b\/><\/p>\n<blockquote><p>\u201cEsse v\u00eddeo n\u00e3o \u00e9 sobre resgate. \u00c9 sobre parceria, \u00e9 sobre confiar, \u00e9 sobre estar presente mesmo quando tudo sai do controle e fazer o que for preciso por quem a gente ama de verdade.\u201d<\/p><\/blockquote>\n<p>Nos coment\u00e1rios, internautas se emocionaram e n\u00e3o pouparam elogios \u00e0 atitude de Lucas. Mensagens carregadas de carinho e admira\u00e7\u00e3o tomaram conta da publica\u00e7\u00e3o, como:<\/p>\n<blockquote><p>\u201cQue amor! Estou com os olhos cheios de l\u00e1grimas. Eu faria a mesma coisa tamb\u00e9m. Parab\u00e9ns, querido, que Deus te aben\u00e7oe.\u201d<\/p><\/blockquote>\n<p>Outro seguidor comentou: \u201cParab\u00e9ns, irm\u00e3o\u2026 voc\u00ea \u00e9 um escalador destemido tamb\u00e9m. Ainda mais motivado, hein?\u201d<\/p>\n<p>J\u00e1 uma terceira mensagem destacou a coragem do momento: <\/p>\n<blockquote><p>\u201cRapaz, olha a altura que voc\u00ea subiu nessa \u00e1rvore! Parab\u00e9ns pela amizade e pelo preparo.\u201d<\/p><\/blockquote>\n<p><b>Veja:<\/b><\/p>\n<p><script async src=\"\/\/www.instagram.com\/embed.js\"><\/script><\/p>\n","protected":false},"excerpt":{"rendered":"Rajah \u00e9 uma arara-canind\u00e9 que chegou \u00e0 vida de Lucas por meio da ado\u00e7\u00e3o e, desde ent\u00e3o, transformou&hellip;\n","protected":false},"author":2,"featured_media":202444,"comment_status":"","ping_status":"","sticky":false,"template":"","format":"standard","meta":{"footnotes":""},"categories":[85],"tags":[40234,10385,114,115,15789,7406,32,33],"class_list":{"0":"post-202443","1":"post","2":"type-post","3":"status-publish","4":"format-standard","5":"has-post-thumbnail","7":"category-entretenimento","8":"tag-arara-caninde","9":"tag-ave","10":"tag-entertainment","11":"tag-entretenimento","12":"tag-mundo-animal","13":"tag-passaro","14":"tag-portugal","15":"tag-pt"},"share_on_mastodon":{"url":"https:\/\/pubeurope.com\/@pt\/115782439818859274","error":""},"_links":{"self":[{"href":"https:\/\/www.europesays.com\/pt\/wp-json\/wp\/v2\/posts\/202443","targetHints":{"allow":["GET"]}}],"collection":[{"href":"https:\/\/www.europesays.com\/pt\/wp-json\/wp\/v2\/posts"}],"about":[{"href":"https:\/\/www.europesays.com\/pt\/wp-json\/wp\/v2\/types\/post"}],"author":[{"embeddable":true,"href":"https:\/\/www.europesays.com\/pt\/wp-json\/wp\/v2\/users\/2"}],"replies":[{"embeddable":true,"href":"https:\/\/www.europesays.com\/pt\/wp-json\/wp\/v2\/comments?post=202443"}],"version-history":[{"count":0,"href":"https:\/\/www.europesays.com\/pt\/wp-json\/wp\/v2\/posts\/202443\/revisions"}],"wp:featuredmedia":[{"embeddable":true,"href":"https:\/\/www.europesays.com\/pt\/wp-json\/wp\/v2\/media\/202444"}],"wp:attachment":[{"href":"https:\/\/www.europesays.com\/pt\/wp-json\/wp\/v2\/media?parent=202443"}],"wp:term":[{"taxonomy":"category","embeddable":true,"href":"https:\/\/www.europesays.com\/pt\/wp-json\/wp\/v2\/categories?post=202443"},{"taxonomy":"post_tag","embeddable":true,"href":"https:\/\/www.europesays.com\/pt\/wp-json\/wp\/v2\/tags?post=202443"}],"curies":[{"name":"wp","href":"https:\/\/api.w.org\/{rel}","templated":true}]}}