{"id":202457,"date":"2025-12-25T22:08:10","date_gmt":"2025-12-25T22:08:10","guid":{"rendered":"https:\/\/www.europesays.com\/pt\/202457\/"},"modified":"2025-12-25T22:08:10","modified_gmt":"2025-12-25T22:08:10","slug":"virus-sincicial-respiratorio-imunizacao-reduziu-em-785-risco-de-hospitalizacao-saude","status":"publish","type":"post","link":"https:\/\/www.europesays.com\/pt\/202457\/","title":{"rendered":"V\u00edrus Sincicial Respirat\u00f3rio: imuniza\u00e7\u00e3o reduziu em 78,5% risco de hospitaliza\u00e7\u00e3o | Sa\u00fade"},"content":{"rendered":"<p>Durante a \u00e9poca 2024\/2025, a imuniza\u00e7\u00e3o de crian\u00e7as com menos de dois anos contra o V\u00edrus Sincicial Respirat\u00f3rio (VSR) \u201cfoi altamente efectiva, reduzindo em 78,5% o risco de hospitaliza\u00e7\u00e3o por infec\u00e7\u00e3o&#8221; por este v\u00edrus. A percentagem, revela um estudo do Instituto Nacional de Sa\u00fade Dr. Ricardo Jorge (Insa) publicado recentemente na revista cient\u00edfica Influenza and Other Respiratory Viruses, \u201caumentou para 82% quando a an\u00e1lise foi limitada \u00e0s crian\u00e7as testadas por PCR&#8221;.<\/p>\n<p>Segundo dados anteriormente divulgados pela Direc\u00e7\u00e3o-Geral da Sa\u00fade (DGS), na campanha 2024\/2025 foram <a href=\"https:\/\/www.publico.pt\/2025\/06\/25\/sociedade\/noticia\/virus-sincicial-respiratorio-86-criancas-elegiveis-imunizadas-revela-direccaogeral-saude-2137758\" rel=\"nofollow noopener\" target=\"_blank\">imunizadas 86% das crian\u00e7as<\/a> eleg\u00edveis. Foi a primeira \u00e9poca em que foi recomendada imuniza\u00e7\u00e3o a n\u00edvel nacional \u2013 a Madeira j\u00e1 o tinha feito no ano anterior.<\/p>\n<p>Para este primeiro estudo nacional, que avalia a efectividade do anticorpo monoclonal nirsevimab (nome da subst\u00e2ncia activa) na preven\u00e7\u00e3o de hospitaliza\u00e7\u00f5es associadas ao VSR, o <a href=\"https:\/\/www.insa.min-saude.pt\/instituto-ricardo-jorge-publica-primeiro-estudo-nacional-sobre-efetividade-da-imunizacao-com-nirsevimab-na-prevencao-de-hospitalizacoes-por-vsr-em-menores-de-24-meses\/\" target=\"_blank\" rel=\"nofollow noopener\">Insa<\/a> contou dados recolhidos em 15 hospitais participantes na Rede Nacional de Vigil\u00e2ncia do V\u00edrus Sincicial Respirat\u00f3rio (VigiRSV). O estudo abrangeu um per\u00edodo entre a semana 43\/2024 \u2013 uma semana ap\u00f3s o in\u00edcio da campanha nacional de imuniza\u00e7\u00e3o a 15 de Outubro de 2024 \u2013 e a semana 16\/2025 (que terminou a 20 de Abril de 2025). E incluiu \u201capenas crian\u00e7as eleg\u00edveis para imuniza\u00e7\u00e3o de acordo com as orienta\u00e7\u00f5es nacionais\u201d: beb\u00e9s nascidos entre 1 de Agosto de 2024 e 31 de Mar\u00e7o de 2025; prematuros nascidos entre 1 de Janeiro e 31 de Julho de 2024, com idade gestacional at\u00e9 \u00e0s 33 semanas e 6 dias e crian\u00e7as com menos de 24 meses em 30 de Setembro de 2024, com condi\u00e7\u00f5es m\u00e9dicas associadas a um maior risco de infec\u00e7\u00e3o grave por VSR.<\/p>\n<p>Dos 341 participantes (foram hospitalizadas com infec\u00e7\u00e3o respirat\u00f3ria aguda grave) inclu\u00eddos na avalia\u00e7\u00e3o, 91,2% n\u00e3o tinham doen\u00e7a cr\u00f3nica conhecida. Deste universo, 137 (40,2%) testaram positivo para VSR. Este grupo e o das 204 crian\u00e7as que testaram negativo (grupo controlo) \u201cforam semelhantes em termos de sexo, prematuridade, baixo peso \u00e0 nascen\u00e7a, doen\u00e7as cr\u00f3nicas e mediana de dias entre a imuniza\u00e7\u00e3o e o in\u00edcio dos sintomas\u201d, refere o <a href=\"https:\/\/onlinelibrary.wiley.com\/doi\/full\/10.1111\/irv.70186\" target=\"_blank\" rel=\"nofollow noopener\">documento<\/a>.<\/p>\n<p>\u201cEm 2024\/2025, a efic\u00e1cia do nirsevimab contra o internamento hospitalar relacionado com o VSR, estimada em Portugal no grupo-alvo de imuniza\u00e7\u00e3o, foi de 78,5%\u201d, conclu\u00edram os investigadores, acrescentando que \u201cas an\u00e1lises de sensibilidade revelaram que, entre os participantes testados por PCR (n=255), a efic\u00e1cia do nirsevimab foi de 82%\u201d.<\/p>\n<p>Os dados da VigiRSV tamb\u00e9m mostraram \u201cuma diminui\u00e7\u00e3o na propor\u00e7\u00e3o de casos de VSR em crian\u00e7as internadas em UCI [unidade de <a href=\"https:\/\/www.publico.pt\/2025\/03\/31\/sociedade\/noticia\/vacinas-virus-sincicial-respiratorio-tiraram-bebes-cuidados-intensivos-2127924\" rel=\"nofollow noopener\" target=\"_blank\">cuidados intensivos<\/a>] ou que necessitaram de ventila\u00e7\u00e3o mec\u00e2nica (5% em 2024\/2025 vs. 13% em 2022\/2023 e 10% em 2023\/2024)\u201d. Al\u00e9m de uma \u201credu\u00e7\u00e3o na propor\u00e7\u00e3o de casos de VSR em crian\u00e7as com menos de 3 meses de idade em compara\u00e7\u00e3o com as \u00e9pocas anteriores (21% vs. 57% em 2022\/2023 e 46% em 2023\/2024)\u201d.<\/p>\n<p>O documento assinala algumas limita\u00e7\u00f5es no estudo, como o facto de a amostra resultar de dados de 15 hospitais e poder n\u00e3o representar na totalidade todas as crian\u00e7as com menos de dois anos hospitalizadas e ter apenas abrangido a primeira \u00e9poca de imuniza\u00e7\u00e3o nacional.<\/p>\n<p>Os investigadores apontam, al\u00e9m da redu\u00e7\u00e3o da hospitaliza\u00e7\u00e3o, \u201co impacto significativo da imuniza\u00e7\u00e3o numa popula\u00e7\u00e3o infantil maioritariamente saud\u00e1vel\u201d. O estudo lembra que entre 2015 e 2018 \u201cregistaram-se cerca de 9700 internamentos relacionados com o VSR, na sua maioria em beb\u00e9s previamente saud\u00e1veis, com um custo anual estimado de 2,4 milh\u00f5es de euros\u201d.<\/p>\n<p>N\u00edveis &#8220;baixos&#8221; de actividade<\/p>\n<p>De acordo com o \u00faltimo relat\u00f3rio de monitoriza\u00e7\u00e3o da gripe e de outros v\u00edrus respirat\u00f3rios (dias 15 a 21 de Dezembro), publicado pelo Insa, os n\u00edveis de actividade de RSV no que se refere aos internamentos em crian\u00e7as menores de 24 meses s\u00e3o \u201cbaixos\u201d. Desde 29 de Setembro \u201cforam reportados 35 novos internamentos por infec\u00e7\u00e3o por RSV em crian\u00e7as menores de 24 meses na rede de vigil\u00e2ncia sentinela\u201d.<\/p>\n<p>Destas, refere ainda o relat\u00f3rio, \u201ccinco tinham menos de 3 meses de idade, 17 tinham entre 3 e 11 meses e 13 tinham entre 11 e 23 meses. Tr\u00eas das crian\u00e7as necessitaram de suporte ventilat\u00f3rio ou internamento em cuidados intensivos\u201d.<\/p>\n<p>A <a href=\"https:\/\/www.publico.pt\/2025\/08\/11\/sociedade\/noticia\/vacinacao-gratuita-virus-sincicial-respiratorio-criancas-arranca-16-setembro-2143612\" rel=\"nofollow noopener\" target=\"_blank\">actual campanha de imuniza\u00e7\u00e3o<\/a> contra o VSR (2025\/2026) iniciou-se a 16 de Setembro e decorre at\u00e9 31 de Mar\u00e7o. O objectivo \u00e9 abranger cerca de 68 mil crian\u00e7as eleg\u00edveis, sendo no primeiro m\u00eas e meio da campanha tinham sido imunizadas mais de 30 mil crian\u00e7as, segundo dados da DGS divulgados no in\u00edcio de Novembro.<\/p>\n<p>A campanha de imuniza\u00e7\u00e3o decorre \u201cnas maternidades p\u00fablicas, privadas e do sector social para as crian\u00e7as nascidas entre 16 de Setembro de 2025 e 31 de Mar\u00e7o de 2026\u201d e nas \u201cinstitui\u00e7\u00f5es do SNS para as crian\u00e7as nascidas entre 1 de Junho e 15 de Setembro de 2025, bem como para as crian\u00e7as com factores de risco definidos\u201d.<\/p>\n","protected":false},"excerpt":{"rendered":"Durante a \u00e9poca 2024\/2025, a imuniza\u00e7\u00e3o de crian\u00e7as com menos de dois anos contra o V\u00edrus Sincicial Respirat\u00f3rio&hellip;\n","protected":false},"author":2,"featured_media":202458,"comment_status":"","ping_status":"","sticky":false,"template":"","format":"standard","meta":{"footnotes":""},"categories":[86],"tags":[838,529,116,32,33,117,850,58,1893],"class_list":{"0":"post-202457","1":"post","2":"type-post","3":"status-publish","4":"format-standard","5":"has-post-thumbnail","7":"category-saude","8":"tag-criancas","9":"tag-doencas","10":"tag-health","11":"tag-portugal","12":"tag-pt","13":"tag-saude","14":"tag-servico-nacional-de-saude","15":"tag-sociedade","16":"tag-virus"},"share_on_mastodon":{"url":"https:\/\/pubeurope.com\/@pt\/115782490865069178","error":""},"_links":{"self":[{"href":"https:\/\/www.europesays.com\/pt\/wp-json\/wp\/v2\/posts\/202457","targetHints":{"allow":["GET"]}}],"collection":[{"href":"https:\/\/www.europesays.com\/pt\/wp-json\/wp\/v2\/posts"}],"about":[{"href":"https:\/\/www.europesays.com\/pt\/wp-json\/wp\/v2\/types\/post"}],"author":[{"embeddable":true,"href":"https:\/\/www.europesays.com\/pt\/wp-json\/wp\/v2\/users\/2"}],"replies":[{"embeddable":true,"href":"https:\/\/www.europesays.com\/pt\/wp-json\/wp\/v2\/comments?post=202457"}],"version-history":[{"count":0,"href":"https:\/\/www.europesays.com\/pt\/wp-json\/wp\/v2\/posts\/202457\/revisions"}],"wp:featuredmedia":[{"embeddable":true,"href":"https:\/\/www.europesays.com\/pt\/wp-json\/wp\/v2\/media\/202458"}],"wp:attachment":[{"href":"https:\/\/www.europesays.com\/pt\/wp-json\/wp\/v2\/media?parent=202457"}],"wp:term":[{"taxonomy":"category","embeddable":true,"href":"https:\/\/www.europesays.com\/pt\/wp-json\/wp\/v2\/categories?post=202457"},{"taxonomy":"post_tag","embeddable":true,"href":"https:\/\/www.europesays.com\/pt\/wp-json\/wp\/v2\/tags?post=202457"}],"curies":[{"name":"wp","href":"https:\/\/api.w.org\/{rel}","templated":true}]}}