{"id":202477,"date":"2025-12-25T22:28:23","date_gmt":"2025-12-25T22:28:23","guid":{"rendered":"https:\/\/www.europesays.com\/pt\/202477\/"},"modified":"2025-12-25T22:28:23","modified_gmt":"2025-12-25T22:28:23","slug":"onze-distritos-com-aviso-amarelo-por-tempo-frio-observador","status":"publish","type":"post","link":"https:\/\/www.europesays.com\/pt\/202477\/","title":{"rendered":"Onze distritos com aviso amarelo por tempo frio \u2013 Observador"},"content":{"rendered":"<p>O Instituto Portugu\u00eas do Mar e da Atmosfera (IPMA) colocou 11 distritos de Portugal continental sob aviso amarelo devido a tempo frio entre a meia-noite de dia 26 e as 06:00 de dia 27.<\/p>\n<p>Segundo informa\u00e7\u00e3o do IPMA, os distritos de Bragan\u00e7a, Viseu, Porto, Guarda, Vila Real, Viana do Castelo, Castelo Branco, Aveiro, Coimbra, Portalegre e Braga est\u00e3o sob aviso amarelo entre as 00:00 de dia 26 de dezembro at\u00e9 \u00e0s 06:00 de dia 27 de dezembro, por \u201cpersist\u00eancia de valores baixos da temperatura m\u00ednima\u201d.<\/p>\n<p>A exce\u00e7\u00e3o s\u00e3o as localidades junto ao litoral, nos distritos em que essa condi\u00e7\u00e3o \u00e9 aplic\u00e1vel.<\/p>\n<p>A Dire\u00e7\u00e3o-Geral da Sa\u00fade (DGS) alertou na ter\u00e7a-feira para os cuidados a ter por causa do frio, lembrando que a descida das temperaturas aumenta o risco de agravamento de doen\u00e7as cr\u00f3nicas e pedindo \u00e0 popula\u00e7\u00e3o que se proteja.<\/p>\n<p>A DGS recomenda que os cidad\u00e3os evitem mudan\u00e7as bruscas de temperatura, se vistam por camadas, ajustando a roupa ao ambiente, protejam as extremidades com gorro, luvas e meias quentes e usem cal\u00e7ado antiderrapante para evitar quedas.<\/p>\n","protected":false},"excerpt":{"rendered":"O Instituto Portugu\u00eas do Mar e da Atmosfera (IPMA) colocou 11 distritos de Portugal continental sob aviso amarelo&hellip;\n","protected":false},"author":2,"featured_media":202478,"comment_status":"","ping_status":"","sticky":false,"template":"","format":"standard","meta":{"footnotes":""},"categories":[10],"tags":[964,27,28,442,2271,15,16,9086,14,25,26,21,22,606,12,13,19,20,32,23,24,33,17,18,29,30,31],"class_list":{"0":"post-202477","1":"post","2":"type-post","3":"status-publish","4":"format-standard","5":"has-post-thumbnail","7":"category-portugal","8":"tag-ambiente","9":"tag-breaking-news","10":"tag-breakingnews","11":"tag-ciu00eancia","12":"tag-clima","13":"tag-featured-news","14":"tag-featurednews","15":"tag-frio","16":"tag-headlines","17":"tag-latest-news","18":"tag-latestnews","19":"tag-main-news","20":"tag-mainnews","21":"tag-meteorologia","22":"tag-news","23":"tag-noticias","24":"tag-noticias-principais","25":"tag-noticiasprincipais","26":"tag-portugal","27":"tag-principais-noticias","28":"tag-principaisnoticias","29":"tag-pt","30":"tag-top-stories","31":"tag-topstories","32":"tag-ultimas","33":"tag-ultimas-noticias","34":"tag-ultimasnoticias"},"share_on_mastodon":{"url":"https:\/\/pubeurope.com\/@pt\/115782569572068290","error":""},"_links":{"self":[{"href":"https:\/\/www.europesays.com\/pt\/wp-json\/wp\/v2\/posts\/202477","targetHints":{"allow":["GET"]}}],"collection":[{"href":"https:\/\/www.europesays.com\/pt\/wp-json\/wp\/v2\/posts"}],"about":[{"href":"https:\/\/www.europesays.com\/pt\/wp-json\/wp\/v2\/types\/post"}],"author":[{"embeddable":true,"href":"https:\/\/www.europesays.com\/pt\/wp-json\/wp\/v2\/users\/2"}],"replies":[{"embeddable":true,"href":"https:\/\/www.europesays.com\/pt\/wp-json\/wp\/v2\/comments?post=202477"}],"version-history":[{"count":0,"href":"https:\/\/www.europesays.com\/pt\/wp-json\/wp\/v2\/posts\/202477\/revisions"}],"wp:featuredmedia":[{"embeddable":true,"href":"https:\/\/www.europesays.com\/pt\/wp-json\/wp\/v2\/media\/202478"}],"wp:attachment":[{"href":"https:\/\/www.europesays.com\/pt\/wp-json\/wp\/v2\/media?parent=202477"}],"wp:term":[{"taxonomy":"category","embeddable":true,"href":"https:\/\/www.europesays.com\/pt\/wp-json\/wp\/v2\/categories?post=202477"},{"taxonomy":"post_tag","embeddable":true,"href":"https:\/\/www.europesays.com\/pt\/wp-json\/wp\/v2\/tags?post=202477"}],"curies":[{"name":"wp","href":"https:\/\/api.w.org\/{rel}","templated":true}]}}