{"id":202483,"date":"2025-12-25T22:33:09","date_gmt":"2025-12-25T22:33:09","guid":{"rendered":"https:\/\/www.europesays.com\/pt\/202483\/"},"modified":"2025-12-25T22:33:09","modified_gmt":"2025-12-25T22:33:09","slug":"jimmy-kimmel-diz-que-donald-trump-pensa-que-e-um-rei-25-12-2025-ilustrada","status":"publish","type":"post","link":"https:\/\/www.europesays.com\/pt\/202483\/","title":{"rendered":"Jimmy Kimmel diz que Donald Trump pensa que \u00e9 um rei &#8211; 25\/12\/2025 &#8211; Ilustrada"},"content":{"rendered":"<p><a href=\"https:\/\/www1.folha.uol.com.br\/ilustrada\/2025\/09\/entenda-como-talk-shows-como-os-de-jimmy-kimmel-se-tornaram-tao-politicos.shtml\" rel=\"nofollow noopener\" target=\"\">Jimmy Kimmel<\/a> disse que <a href=\"https:\/\/www1.folha.uol.com.br\/folha-topicos\/donald-trump\/\" rel=\"nofollow noopener\" target=\"_blank\">Donald Trump<\/a> se acha um rei e que a tirania est\u00e1 em alta nos <a href=\"https:\/\/www1.folha.uol.com.br\/folha-topicos\/estados-unidos\/\" rel=\"nofollow noopener\" target=\"_blank\">Estados Unidos<\/a> numa mensagem de Natal transmitida aos brit\u00e2nicos pelo canal de TV Channel 4.<\/p>\n<p>Com bom humor, o apresentador relembrou <a href=\"https:\/\/www1.folha.uol.com.br\/ilustrada\/2025\/09\/jimmy-kimmel-tem-seu-programa-suspenso-apos-comentar-sobre-charlie-kirk.shtml\" rel=\"nofollow noopener\" target=\"\">a suspens\u00e3o de seu talk show em setembro<\/a>, ap\u00f3s fazer uma piada que criticava o movimento de direita Maga por supostamente tirar proveito da morte de Charlie Kirk.<\/p>\n<p>&#8220;Mas sabe o que aconteceu depois? Um milagre de Natal. Bom, era setembro, ent\u00e3o foi um milagre de setembro. Mas o Natal parece chegar cada vez mais cedo a cada ano, n\u00e3o \u00e9?&#8221;, disse o apresentador na mensagem.<a href=\"https:\/\/www1.folha.uol.com.br\/ilustrada\/2025\/09\/dona-de-canais-nos-eua-sinclair-retoma-exibicao-de-programa-de-jimmy-kimmel.shtml\" rel=\"nofollow noopener\" target=\"\"> O Jimmy Kimmel Live! voltou ao ar em alguns dias<\/a>, depois de a Disney, dona da emissora, ser amplamente criticada e acusada de censura.<\/p>\n<p>&#8220;Nosso programa voltou mais forte do que nunca. N\u00f3s vencemos, o presidente perdeu, e agora eu estou de volta ao ar todas as noites dando ao pol\u00edtico mais poderoso da Terra um esporro mais do que merecido&#8221;, disse ainda sobre o epis\u00f3dio.<\/p>\n<p>Sobre o clima pol\u00edtico nos Estados Unidos, falou sobre a ascens\u00e3o da direita. &#8220;Posso dizer que, do ponto de vista do fascismo, este foi um ano realmente excelente. A tirania est\u00e1 em plena expans\u00e3o por aqui.&#8221;<\/p>\n<p>Leia o discurso de Kimmel, na \u00edntegra, abaixo.<\/p>\n<p>Oi, eu sou o Jimmy Kimmel.<\/p>\n<p>N\u00e3o fa\u00e7o ideia se voc\u00ea sabe quem eu sou, mas me pediram para entregar a Mensagem Alternativa de Natal deste ano (que, pelo que me disseram, \u00e9 algo importante), ent\u00e3o espero que saiba. Mas, se n\u00e3o souber, eu apresento o que voc\u00eas chamam de chat show (a gente chama de talk show) no que voc\u00eas chamam de col\u00f4nias, eu acho? Sinceramente, n\u00e3o fa\u00e7o a menor ideia do que est\u00e1 acontecendo a\u00ed do outro lado.<\/p>\n<p>O que eu sei \u00e9 o que est\u00e1 acontecendo aqui. E posso dizer que, do ponto de vista do fascismo, este foi um ano realmente excelente. A tirania est\u00e1 em plena expans\u00e3o por aqui.<\/p>\n<p>Talvez voc\u00ea tenha lido nos seus jornais coloridos que o presidente do meu pa\u00eds gostaria de me calar porque eu n\u00e3o o adoro do jeito que ele gosta de ser adorado. O governo americano fez uma amea\u00e7a contra mim e contra a empresa para a qual trabalho e, de repente, sa\u00edmos do ar. Mas sabe o que aconteceu depois? Um milagre de Natal. Bom, era setembro, ent\u00e3o foi um milagre de setembro. Mas o Natal parece chegar cada vez mais cedo a cada ano, n\u00e3o \u00e9?<\/p>\n<p>Milh\u00f5es e milh\u00f5es de pessoas se levantaram e disseram: &#8220;N\u00e3o, isso n\u00e3o \u00e9 aceit\u00e1vel&#8221;. Pessoas que nunca assistiram ao meu programa, pessoas que estavam registradas dizendo que odiavam o meu programa se manifestaram, protestaram, marcharam \u2014tudo isso para apoiar o direito \u00e0 liberdade de express\u00e3o. E, porque tanta gente falou, n\u00f3s voltamos. Nosso programa voltou mais forte do que nunca. N\u00f3s vencemos, o presidente perdeu, e agora eu estou de volta ao ar todas as noites dando ao pol\u00edtico mais poderoso da Terra um esporro mais do que merecido. Essa palavra existe, n\u00e9? Usei direito?<\/p>\n<p>E a raz\u00e3o de eu estar contando essa hist\u00f3ria \u00e9 porque talvez voc\u00ea esteja pensando: &#8220;Ah, um governo silenciar seus cr\u00edticos \u00e9 algo que acontece em lugares como R\u00fassia, Coreia do Norte ou Los Angeles, n\u00e3o no Reino Unido&#8221;. Bom, era isso que a gente pensava tamb\u00e9m, e agora temos o rei Donny Oitavo pedindo execu\u00e7\u00f5es. As coisas acontecem r\u00e1pido.<\/p>\n<p>Sabe, \u00e9 curioso: n\u00f3s, americanos, temos muito orgulho de n\u00e3o termos um rei. \u00c9 meio que o motivo pelo qual fomos embora. No come\u00e7o deste ano, dezenas de milh\u00f5es de n\u00f3s marcharam em protestos chamados No Kings. Voc\u00eas tiveram alguns a\u00ed tamb\u00e9m. E, s\u00f3 para deixar claro, n\u00e3o temos nada contra o rei de voc\u00eas. Quer dizer, n\u00e3o sei se voc\u00ea sabe disso, mas o filho dele mora aqui. A gente s\u00f3 \u2014bom, alguns de n\u00f3s\u2014 tem um problema com o cara que acha que \u00e9 o nosso rei.<\/p>\n<p>Aqui nos Estados Unidos, neste momento, estamos tanto figurativamente quanto literalmente demolindo as estruturas da nossa democracia. Da imprensa livre \u00e0 ci\u00eancia, da medicina \u00e0 independ\u00eancia do Judici\u00e1rio, at\u00e9 a pr\u00f3pria Casa Branca, estamos numa bagun\u00e7a completa. E sabemos que isso tamb\u00e9m afeta voc\u00eas, e eu s\u00f3 queria dizer: desculpa. E queremos que voc\u00eas saibam \u2014ou, pelo menos, eu quero que voc\u00eas saibam\u2014 que nem todos n\u00f3s somos como ele. Nem todos n\u00f3s somos assim.<\/p>\n<p>Olha, eu sei (pelo musical &#8220;Hamilton&#8221;) que nossos pa\u00edses n\u00e3o come\u00e7aram da melhor forma, mas tamb\u00e9m sei (por ter visto Simplesmente Amor) que temos uma rela\u00e7\u00e3o especial. Ent\u00e3o, se eu puder falar em nome do meu pa\u00eds \u2014 o que eu definitivamente n\u00e3o posso \u2014 nossa mensagem para voc\u00eas, nossos amigos do outro lado do oceano, neste Natal \u00e9: n\u00e3o desistam da gente. Estamos passando por uma certa instabilidade agora, mas vamos nos endireitar. Pode n\u00e3o parecer, mas n\u00f3s amamos voc\u00eas. N\u00f3s at\u00e9 amamos as coisas em voc\u00eas de que voc\u00eas mesmos n\u00e3o gostam, como o Simon Cowell, por exemplo. N\u00f3s n\u00e3o somos muito espertos. Somos americanos. Ningu\u00e9m sabe melhor do que voc\u00eas que estamos sempre um pouquinho atrasados para o jogo. Mas a gente aparece no final? Talvez. Nos deem uns tr\u00eas anos. Por favor.<\/p>\n<p>Obrigado pela paci\u00eancia, e obrigado pelo Homem-Aranha. Feliz Natal e boas festas.<\/p>\n","protected":false},"excerpt":{"rendered":"Jimmy Kimmel disse que Donald Trump se acha um rei e que a tirania est\u00e1 em alta nos&hellip;\n","protected":false},"author":2,"featured_media":202484,"comment_status":"","ping_status":"","sticky":false,"template":"","format":"standard","meta":{"footnotes":""},"categories":[142],"tags":[92,114,115,235,40236,236,11011,32,33,218,151],"class_list":{"0":"post-202483","1":"post","2":"type-post","3":"status-publish","4":"format-standard","5":"has-post-thumbnail","7":"category-tv","8":"tag-donald-trump","9":"tag-entertainment","10":"tag-entretenimento","11":"tag-estados-unidos","12":"tag-fascismo","13":"tag-folha","14":"tag-jimmy-kimmel","15":"tag-portugal","16":"tag-pt","17":"tag-televisao","18":"tag-tv"},"share_on_mastodon":{"url":"https:\/\/pubeurope.com\/@pt\/115782589009930377","error":""},"_links":{"self":[{"href":"https:\/\/www.europesays.com\/pt\/wp-json\/wp\/v2\/posts\/202483","targetHints":{"allow":["GET"]}}],"collection":[{"href":"https:\/\/www.europesays.com\/pt\/wp-json\/wp\/v2\/posts"}],"about":[{"href":"https:\/\/www.europesays.com\/pt\/wp-json\/wp\/v2\/types\/post"}],"author":[{"embeddable":true,"href":"https:\/\/www.europesays.com\/pt\/wp-json\/wp\/v2\/users\/2"}],"replies":[{"embeddable":true,"href":"https:\/\/www.europesays.com\/pt\/wp-json\/wp\/v2\/comments?post=202483"}],"version-history":[{"count":0,"href":"https:\/\/www.europesays.com\/pt\/wp-json\/wp\/v2\/posts\/202483\/revisions"}],"wp:featuredmedia":[{"embeddable":true,"href":"https:\/\/www.europesays.com\/pt\/wp-json\/wp\/v2\/media\/202484"}],"wp:attachment":[{"href":"https:\/\/www.europesays.com\/pt\/wp-json\/wp\/v2\/media?parent=202483"}],"wp:term":[{"taxonomy":"category","embeddable":true,"href":"https:\/\/www.europesays.com\/pt\/wp-json\/wp\/v2\/categories?post=202483"},{"taxonomy":"post_tag","embeddable":true,"href":"https:\/\/www.europesays.com\/pt\/wp-json\/wp\/v2\/tags?post=202483"}],"curies":[{"name":"wp","href":"https:\/\/api.w.org\/{rel}","templated":true}]}}