{"id":202505,"date":"2025-12-25T22:50:24","date_gmt":"2025-12-25T22:50:24","guid":{"rendered":"https:\/\/www.europesays.com\/pt\/202505\/"},"modified":"2025-12-25T22:50:24","modified_gmt":"2025-12-25T22:50:24","slug":"rui-borges-e-a-personalidade-do-ano-para-o-maisfutebol","status":"publish","type":"post","link":"https:\/\/www.europesays.com\/pt\/202505\/","title":{"rendered":"Rui Borges \u00e9 a personalidade do ano para o Maisfutebol"},"content":{"rendered":"<p style=\"margin-bottom:7px\">Rui Borges foi eleito a Personalidade do Ano pelo <strong>Maisfutebol<\/strong>.<\/p>\n<p>O treinador leonino teve um 2025 para recordar por muito tempo e recebeu o pr\u00e9mio em Alcochete, ao final de uma manh\u00e3 de sol, pouco antes de viajar para Mirandela, para passar a \u00e9poca natal\u00edcia junto da fam\u00edlia.<\/p>\n<p>Para tr\u00e1s deixou um ano a todos os t\u00edtulos not\u00e1vel, depois de ter sido anunciado como treinador leonino a 23 de dezembro e ter-se estreado menos de uma semana depois, no dia 29, com uma vit\u00f3ria por 1-0 que valeu a recupera\u00e7\u00e3o da lideran\u00e7a da Liga.<\/p>\n<p>Por isso entrou no novo ano em grande.<\/p>\n<p>\u00abSe me tivessem dito que iria ter um ano assim, responderia seguramente que sabia que um dia iria acontecer. Era um sonho e lutei muito por isso. Talvez n\u00e3o estivesse \u00e0 espera que se concretizasse t\u00e3o cedo e de uma forma t\u00e3o r\u00e1pida, mas tinha confian\u00e7a que iria acontecer\u00bb, referiu em breves declara\u00e7\u00f5es de circunst\u00e2ncia com o <strong>Maisfutebol<\/strong>.<\/p>\n<p>\u00abFico feliz porque todos estes pr\u00e9mios s\u00e3o o reconhecimento daquilo que tem sido o nosso trabalho enquanto equipa t\u00e9cnica ao longo destes nove anos. S\u00e3o sinal da nossa compet\u00eancia. Acreditamos muito em n\u00f3s, no nosso trabalho e no trajeto que cumprimos at\u00e9 aqui chegar.\u00bb<\/p>\n<p>Ao longo do ano, recorde-se, Rui Borges perdeu as finais da Ta\u00e7a da Liga e da Superta\u00e7a, mas venceu os trof\u00e9us mais importantes: foi campe\u00e3o nacional e venceu a Ta\u00e7a de Portugal.<\/p>\n<p>Rui Borges realizou, desde que chegou ao Sporting, um total de 55 jogos em todas as competi\u00e7\u00f5es oficiais, tendo vencido 36 deles, empatado 12 e perdido sete. Se todos valessem tr\u00eas pontos, o treinador teria conquistado 120 pontos em 165 poss\u00edveis.<\/p>\n<p>\u00abO sentimento \u00e9 de felicidade, apenas felicidade. Sou treinador do Sporting, um clube t\u00e3o distinto, t\u00e3o grande, com o qual me identifico tanto em rela\u00e7\u00e3o ao que s\u00e3o os meus valores. Poder fazer aquilo que mais amo num clube assim e disputar para vencer todas as competi\u00e7\u00f5es s\u00f3 me pode deixar feliz\u00bb, adiantou Rui Borges.<\/p>\n<p>\u00abTenho bem no\u00e7\u00e3o que n\u00e3o vamos ganhar sempre, mas tenho muita confian\u00e7a naquilo que fazemos, acreditamos muito naquilo que fazemos e com toda a certeza vamos vencer mais vezes do que as que n\u00e3o vamos vencer. E volto a dizer: felizmente, por tudo aquilo que foi a nossa compet\u00eancia e o nosso trabalho, conseguimos ser campe\u00f5es e vencer a Ta\u00e7a. Agora vamos seguir em frente e sonhar por mais.\u00bb<\/p>\n<p style=\"text-align:center\"><img loading=\"lazy\" decoding=\"async\" alt=\"\" height=\"360\" src=\"https:\/\/www.europesays.com\/pt\/wp-content\/uploads\/2025\/12\/694ad75bd34e3caad84cc0ec.webp\" width=\"640\"\/><\/p>\n","protected":false},"excerpt":{"rendered":"Rui Borges foi eleito a Personalidade do Ano pelo Maisfutebol. O treinador leonino teve um 2025 para recordar&hellip;\n","protected":false},"author":2,"featured_media":202506,"comment_status":"","ping_status":"","sticky":false,"template":"","format":"standard","meta":{"footnotes":""},"categories":[87],"tags":[135,46,32870,40238,40237,32,3304,40239,33,47,3880,34,134],"class_list":{"0":"post-202505","1":"post","2":"type-post","3":"status-publish","4":"format-standard","5":"has-post-thumbnail","7":"category-desporto","8":"tag-desporto","9":"tag-maisfutebol","10":"tag-personalidade","11":"tag-personalidade-2025","12":"tag-personalidade-do-ano","13":"tag-portugal","14":"tag-premio","15":"tag-premio-maisfutebol","16":"tag-pt","17":"tag-pura-paixao","18":"tag-rui-borges","19":"tag-sporting","20":"tag-sports"},"share_on_mastodon":{"url":"https:\/\/pubeurope.com\/@pt\/115782656525003467","error":""},"_links":{"self":[{"href":"https:\/\/www.europesays.com\/pt\/wp-json\/wp\/v2\/posts\/202505","targetHints":{"allow":["GET"]}}],"collection":[{"href":"https:\/\/www.europesays.com\/pt\/wp-json\/wp\/v2\/posts"}],"about":[{"href":"https:\/\/www.europesays.com\/pt\/wp-json\/wp\/v2\/types\/post"}],"author":[{"embeddable":true,"href":"https:\/\/www.europesays.com\/pt\/wp-json\/wp\/v2\/users\/2"}],"replies":[{"embeddable":true,"href":"https:\/\/www.europesays.com\/pt\/wp-json\/wp\/v2\/comments?post=202505"}],"version-history":[{"count":0,"href":"https:\/\/www.europesays.com\/pt\/wp-json\/wp\/v2\/posts\/202505\/revisions"}],"wp:featuredmedia":[{"embeddable":true,"href":"https:\/\/www.europesays.com\/pt\/wp-json\/wp\/v2\/media\/202506"}],"wp:attachment":[{"href":"https:\/\/www.europesays.com\/pt\/wp-json\/wp\/v2\/media?parent=202505"}],"wp:term":[{"taxonomy":"category","embeddable":true,"href":"https:\/\/www.europesays.com\/pt\/wp-json\/wp\/v2\/categories?post=202505"},{"taxonomy":"post_tag","embeddable":true,"href":"https:\/\/www.europesays.com\/pt\/wp-json\/wp\/v2\/tags?post=202505"}],"curies":[{"name":"wp","href":"https:\/\/api.w.org\/{rel}","templated":true}]}}