{"id":202514,"date":"2025-12-25T22:56:07","date_gmt":"2025-12-25T22:56:07","guid":{"rendered":"https:\/\/www.europesays.com\/pt\/202514\/"},"modified":"2025-12-25T22:56:07","modified_gmt":"2025-12-25T22:56:07","slug":"pipinho-precisa-da-ajuda-de-todos-para-continuar-terapia","status":"publish","type":"post","link":"https:\/\/www.europesays.com\/pt\/202514\/","title":{"rendered":"Pipinho precisa da ajuda de todos para continuar terapia"},"content":{"rendered":"<p data-remotead-prev-elm=\"true\" data-remotead-elm-id=\"inread\">Imposs\u00edvel para o bolso de uma fam\u00edlia de quatro pessoas que sobrevive com o &#8220;fundo de desemprego de cerca de 600 euros&#8221; do pai de Pipinho, Nelson Ferreira, a despesa exorbitante s\u00f3 \u00e9 superada gra\u00e7as \u00e0 solidariedade da comunidade e ao esfor\u00e7o que a fam\u00edlia tem feito, atrav\u00e9s da recolha de sucata e de uma oficina de artesanato criada por Mara e Daniela, que s\u00e3o m\u00e3e e irm\u00e3 de Filipe.<\/p>\n<p>&#8220;O nosso objetivo, para agora, \u00e9 o Filipe continuar c\u00e1 com as terapias, porque se parar vai piorar. Valeu a pena ir a Cuba, porque ele melhorou muito. L\u00e1, disseram que estava com excesso de medica\u00e7\u00e3o, e tiraram-lhe medicamentos que tomava e que estavam a fazer-lhe mal. S\u00f3 com isso j\u00e1 ganhou sa\u00fade, e foi uma vit\u00f3ria&#8221;, admite Nelson.<\/p>\n<p>Al\u00e9m disso, &#8220;o Filipe est\u00e1 totalmente diferente a n\u00edvel de postura; as costas est\u00e3o mais direitinhas&#8221;, descreve o pai, que acarta sucata para ajudar a custear as despesas dos tratamentos, os quais &#8220;rondam os dois mil euros por m\u00eas; 70 euros por dia&#8221;. &#8220;O nosso objetivo \u00e9 n\u00e3o desistir dele, e que melhore mais e mais. \u00c9 o melhor para ele&#8221;, diz Nelson Ferreira, que ficou desempregado devido \u00e0 fal\u00eancia da f\u00e1brica onde trabalhava e lembra que o dinheiro angariado com as campanhas solid\u00e1rias &#8220;foi quase todo&#8221; nos tratamentos feitos em Cuba.<\/p>\n<p>Como apoiar<\/p>\n<p data-remotead-prev-elm=\"true\" data-remotead-elm-id=\"centro1\"><strong>Transfer\u00eancia<\/strong><br \/>\u00c9 poss\u00edvel fazer donativos para a conta solid\u00e1ria de Pipinho, com o NIB 003501240001656900080.<\/p>\n<p><strong>Doar sucata<\/strong><br \/>Doar sucata tamb\u00e9m ajuda. Podem ser eletrodom\u00e9sticos, panelas, motores&#8230; Nelson, o pai de Filipe, acarta a sucata para ajudar a pagar os tratamentos.<\/p>\n<p><strong>Comprar artigos<\/strong><br \/>Na Oficina do Pipinho, que est\u00e1 no Facebook e Instagram, s\u00e3o vendidos v\u00e1rios artigos personalizados, desde vestu\u00e1rio a artigos de decora\u00e7\u00e3o.<\/p>\n","protected":false},"excerpt":{"rendered":"Imposs\u00edvel para o bolso de uma fam\u00edlia de quatro pessoas que sobrevive com o &#8220;fundo de desemprego de&hellip;\n","protected":false},"author":2,"featured_media":202515,"comment_status":"","ping_status":"","sticky":false,"template":"","format":"standard","meta":{"footnotes":""},"categories":[10],"tags":[27,28,20018,19635,15,16,14,25,26,352,21,22,12,13,19,20,32,23,24,33,6543,17,18,29,30,31],"class_list":{"0":"post-202514","1":"post","2":"type-post","3":"status-publish","4":"format-standard","5":"has-post-thumbnail","7":"category-portugal","8":"tag-breaking-news","9":"tag-breakingnews","10":"tag-concelho-porto","11":"tag-concelho-vila-nova-de-gaia","12":"tag-featured-news","13":"tag-featurednews","14":"tag-headlines","15":"tag-latest-news","16":"tag-latestnews","17":"tag-local","18":"tag-main-news","19":"tag-mainnews","20":"tag-news","21":"tag-noticias","22":"tag-noticias-principais","23":"tag-noticiasprincipais","24":"tag-portugal","25":"tag-principais-noticias","26":"tag-principaisnoticias","27":"tag-pt","28":"tag-solidariedade","29":"tag-top-stories","30":"tag-topstories","31":"tag-ultimas","32":"tag-ultimas-noticias","33":"tag-ultimasnoticias"},"share_on_mastodon":{"url":"https:\/\/pubeurope.com\/@pt\/115782679734597995","error":""},"_links":{"self":[{"href":"https:\/\/www.europesays.com\/pt\/wp-json\/wp\/v2\/posts\/202514","targetHints":{"allow":["GET"]}}],"collection":[{"href":"https:\/\/www.europesays.com\/pt\/wp-json\/wp\/v2\/posts"}],"about":[{"href":"https:\/\/www.europesays.com\/pt\/wp-json\/wp\/v2\/types\/post"}],"author":[{"embeddable":true,"href":"https:\/\/www.europesays.com\/pt\/wp-json\/wp\/v2\/users\/2"}],"replies":[{"embeddable":true,"href":"https:\/\/www.europesays.com\/pt\/wp-json\/wp\/v2\/comments?post=202514"}],"version-history":[{"count":0,"href":"https:\/\/www.europesays.com\/pt\/wp-json\/wp\/v2\/posts\/202514\/revisions"}],"wp:featuredmedia":[{"embeddable":true,"href":"https:\/\/www.europesays.com\/pt\/wp-json\/wp\/v2\/media\/202515"}],"wp:attachment":[{"href":"https:\/\/www.europesays.com\/pt\/wp-json\/wp\/v2\/media?parent=202514"}],"wp:term":[{"taxonomy":"category","embeddable":true,"href":"https:\/\/www.europesays.com\/pt\/wp-json\/wp\/v2\/categories?post=202514"},{"taxonomy":"post_tag","embeddable":true,"href":"https:\/\/www.europesays.com\/pt\/wp-json\/wp\/v2\/tags?post=202514"}],"curies":[{"name":"wp","href":"https:\/\/api.w.org\/{rel}","templated":true}]}}