{"id":202520,"date":"2025-12-25T23:01:35","date_gmt":"2025-12-25T23:01:35","guid":{"rendered":"https:\/\/www.europesays.com\/pt\/202520\/"},"modified":"2025-12-25T23:01:35","modified_gmt":"2025-12-25T23:01:35","slug":"liliana-faz-sessao-de-autoelogios-e-deixa-colegas-estupefactos-sou-uma-caixinha-de-surpresas-secret-story","status":"publish","type":"post","link":"https:\/\/www.europesays.com\/pt\/202520\/","title":{"rendered":"Liliana faz sess\u00e3o de autoelogios e deixa colegas estupefactos: \u00abSou uma caixinha de surpresas\u00bb &#8211; Secret Story"},"content":{"rendered":"<p>No Secret Story 9, os concorrentes foram desafiados a associar os colegas da casa a um dos objetos que se encontrava no plasma da sala, que mostrava uma sala devidamente decorada para o Natal. Veja as escolhas de Liliana.<\/p>\n<p><strong>Vote para salvar o seu concorrente preferido. E pode faz\u00ea-lo quer atrav\u00e9s das linhas telef\u00f3nicas, quer atrav\u00e9s da APP do TVI reality:\u00a0<\/strong><\/p>\n<p>Pedro &#8211; 761 20 20 18<br \/>Leandro &#8211; 761 20 20 12<br \/>In\u00eas &#8211; 761 20 20 10<\/p>\n<p><a href=\"https:\/\/tvi.iol.pt\/secretstory\/aominuto\" rel=\"nofollow noopener\" target=\"_blank\">Veja aqui tudo o que se passa na casa do Secret Story 9!<\/a><\/p>\n","protected":false},"excerpt":{"rendered":"No Secret Story 9, os concorrentes foram desafiados a associar os colegas da casa a um dos objetos&hellip;\n","protected":false},"author":2,"featured_media":202521,"comment_status":"","ping_status":"","sticky":false,"template":"","format":"standard","meta":{"footnotes":""},"categories":[142],"tags":[114,115,19033,19016,19034,32,33,151,19032],"class_list":{"0":"post-202520","1":"post","2":"type-post","3":"status-publish","4":"format-standard","5":"has-post-thumbnail","7":"category-tv","8":"tag-entertainment","9":"tag-entretenimento","10":"tag-galas-em-video","11":"tag-liliana","12":"tag-melhores-momentos-casa-dos-segredos","13":"tag-portugal","14":"tag-pt","15":"tag-tv","16":"tag-videos-secret-story-tvi"},"share_on_mastodon":{"url":"https:\/\/pubeurope.com\/@pt\/115782699102258589","error":""},"_links":{"self":[{"href":"https:\/\/www.europesays.com\/pt\/wp-json\/wp\/v2\/posts\/202520","targetHints":{"allow":["GET"]}}],"collection":[{"href":"https:\/\/www.europesays.com\/pt\/wp-json\/wp\/v2\/posts"}],"about":[{"href":"https:\/\/www.europesays.com\/pt\/wp-json\/wp\/v2\/types\/post"}],"author":[{"embeddable":true,"href":"https:\/\/www.europesays.com\/pt\/wp-json\/wp\/v2\/users\/2"}],"replies":[{"embeddable":true,"href":"https:\/\/www.europesays.com\/pt\/wp-json\/wp\/v2\/comments?post=202520"}],"version-history":[{"count":0,"href":"https:\/\/www.europesays.com\/pt\/wp-json\/wp\/v2\/posts\/202520\/revisions"}],"wp:featuredmedia":[{"embeddable":true,"href":"https:\/\/www.europesays.com\/pt\/wp-json\/wp\/v2\/media\/202521"}],"wp:attachment":[{"href":"https:\/\/www.europesays.com\/pt\/wp-json\/wp\/v2\/media?parent=202520"}],"wp:term":[{"taxonomy":"category","embeddable":true,"href":"https:\/\/www.europesays.com\/pt\/wp-json\/wp\/v2\/categories?post=202520"},{"taxonomy":"post_tag","embeddable":true,"href":"https:\/\/www.europesays.com\/pt\/wp-json\/wp\/v2\/tags?post=202520"}],"curies":[{"name":"wp","href":"https:\/\/api.w.org\/{rel}","templated":true}]}}