{"id":202524,"date":"2025-12-25T23:04:53","date_gmt":"2025-12-25T23:04:53","guid":{"rendered":"https:\/\/www.europesays.com\/pt\/202524\/"},"modified":"2025-12-25T23:04:53","modified_gmt":"2025-12-25T23:04:53","slug":"jean-grey-tera-um-papel-surpresa-no-filme","status":"publish","type":"post","link":"https:\/\/www.europesays.com\/pt\/202524\/","title":{"rendered":"Jean Grey ter\u00e1 um papel surpresa no filme"},"content":{"rendered":"<p><a href=\"https:\/\/legadodamarvel.com.br\/tag\/homem-aranha-um-novo-dia\" rel=\"nofollow noopener\" target=\"_blank\">Homem-Aranha 4: Um Novo Dia<\/a> contar\u00e1 com muitos personagens, mas ningu\u00e9m poderia apostar na participa\u00e7\u00e3o da poderosa <strong>Jean Grey<\/strong>.<\/p>\n<p>Por exemplo, o filme j\u00e1 confirmou a participa\u00e7\u00e3o de outros her\u00f3is, como o Hulk (<a href=\"https:\/\/legadodamarvel.com.br\/tag\/mark-ruffalo\" rel=\"nofollow noopener\" target=\"_blank\">Mark Ruffalo<\/a>), a Yelena Belova (<a href=\"https:\/\/legadodamarvel.com.br\/tag\/florence-pugh\" rel=\"nofollow noopener\" target=\"_blank\">Florence Pugh<\/a>) e o Justiceiro (<a href=\"https:\/\/legadodamarvel.com.br\/tag\/jon-bernthal\" rel=\"nofollow noopener\" target=\"_blank\">Jon Bernthal<\/a>).<\/p>\n<p>No entanto, em rela\u00e7\u00e3o a Jean Grey, a Marvel e a Sony pretendem manter surpresa, ent\u00e3o <strong>cuidado com spoilers<\/strong> a partir do pr\u00f3ximo par\u00e1grafo.<\/p>\n<p>Homem-Aranha 4 prepara introdu\u00e7\u00e3o da Jean Grey!<\/p>\n<p>Um dos primeiros nomes in\u00e9ditos anunciados no elenco do filme foi o da <a href=\"https:\/\/legadodamarvel.com.br\/tag\/sadie-sink\" rel=\"nofollow noopener\" target=\"_blank\">Sadie Sink<\/a>. A atriz de Stranger Things est\u00e1 com um papel mantido em sigilo pela Marvel.<\/p>\n<p>Por\u00e9m, agora fontes como o jornalista <a href=\"https:\/\/x.com\/cosmic_marvel\/status\/2003974510102696188\" rel=\"nofollow\">Daniel Richtman<\/a> e o insider <a href=\"https:\/\/x.com\/Cryptic4KQual\" rel=\"nofollow\">Cryptic<\/a> est\u00e3o finalmente deixando escapar qual \u00e9 a personagem da atriz. Sim, voc\u00ea adivinhou: Jean Grey.<\/p>\n<p>O Cryptic falou que o jornalista Jeff Sneider estava correto. Ainda em 2024, Jeff foi o primeiro a dizer que Sadie Sink interpretaria a mutante na Marvel. Al\u00e9m disso, Daniel Richtman se restringiu a dizer que a personagem da atriz ter\u00e1 o pode ler e controlar mentes.<\/p>\n<p>Por\u00e9m, a Marvel deve manter o seu papel em segredo. Ao que tudo indica, em Homem-Aranha 4 ser\u00e1 uma grande reviravolta o fato dela ser a Jean Grey. Sendo assim, a Marvel n\u00e3o deve fazer nenhum an\u00fancio oficial at\u00e9 a estreia do filme.<\/p>\n<p>Vale lembrar que a personagem tamb\u00e9m est\u00e1 com retorno confirmado em <a href=\"https:\/\/legadodamarvel.com.br\/filme\/vingadores-guerras-secretas\/\" rel=\"nofollow noopener\" target=\"_blank\">Vingadores: Guerras Secretas<\/a>, que chegar\u00e1 aos cinemas em 2027.<\/p>\n<p><strong>LEIA TAMB\u00c9M:<\/strong><\/p>\n<p>O que acharam sobre esta escolha da Jean Grey? Deixe sua opini\u00e3o nos coment\u00e1rios e, por fim, continue acompanhando o\u00a0<strong>Legado da Marvel\u00a0<\/strong>para n\u00e3o perder nenhuma novidade!<\/p>\n","protected":false},"excerpt":{"rendered":"Homem-Aranha 4: Um Novo Dia contar\u00e1 com muitos personagens, mas ningu\u00e9m poderia apostar na participa\u00e7\u00e3o da poderosa Jean&hellip;\n","protected":false},"author":2,"featured_media":202525,"comment_status":"","ping_status":"","sticky":false,"template":"","format":"standard","meta":{"footnotes":""},"categories":[140],"tags":[114,115,147,148,10305,32310,146,32,33],"class_list":{"0":"post-202524","1":"post","2":"type-post","3":"status-publish","4":"format-standard","5":"has-post-thumbnail","7":"category-filmes","8":"tag-entertainment","9":"tag-entretenimento","10":"tag-film","11":"tag-filmes","12":"tag-homem-aranha-um-novo-dia","13":"tag-jean-grey","14":"tag-movies","15":"tag-portugal","16":"tag-pt"},"share_on_mastodon":{"url":"https:\/\/pubeurope.com\/@pt\/115782715140648990","error":""},"_links":{"self":[{"href":"https:\/\/www.europesays.com\/pt\/wp-json\/wp\/v2\/posts\/202524","targetHints":{"allow":["GET"]}}],"collection":[{"href":"https:\/\/www.europesays.com\/pt\/wp-json\/wp\/v2\/posts"}],"about":[{"href":"https:\/\/www.europesays.com\/pt\/wp-json\/wp\/v2\/types\/post"}],"author":[{"embeddable":true,"href":"https:\/\/www.europesays.com\/pt\/wp-json\/wp\/v2\/users\/2"}],"replies":[{"embeddable":true,"href":"https:\/\/www.europesays.com\/pt\/wp-json\/wp\/v2\/comments?post=202524"}],"version-history":[{"count":0,"href":"https:\/\/www.europesays.com\/pt\/wp-json\/wp\/v2\/posts\/202524\/revisions"}],"wp:featuredmedia":[{"embeddable":true,"href":"https:\/\/www.europesays.com\/pt\/wp-json\/wp\/v2\/media\/202525"}],"wp:attachment":[{"href":"https:\/\/www.europesays.com\/pt\/wp-json\/wp\/v2\/media?parent=202524"}],"wp:term":[{"taxonomy":"category","embeddable":true,"href":"https:\/\/www.europesays.com\/pt\/wp-json\/wp\/v2\/categories?post=202524"},{"taxonomy":"post_tag","embeddable":true,"href":"https:\/\/www.europesays.com\/pt\/wp-json\/wp\/v2\/tags?post=202524"}],"curies":[{"name":"wp","href":"https:\/\/api.w.org\/{rel}","templated":true}]}}