{"id":202532,"date":"2025-12-25T23:08:52","date_gmt":"2025-12-25T23:08:52","guid":{"rendered":"https:\/\/www.europesays.com\/pt\/202532\/"},"modified":"2025-12-25T23:08:52","modified_gmt":"2025-12-25T23:08:52","slug":"galaxy-s26-ultra-recebe-nova-certificacao-e-fica-mais-proximo-do-lancamento","status":"publish","type":"post","link":"https:\/\/www.europesays.com\/pt\/202532\/","title":{"rendered":"Galaxy S26 Ultra recebe nova certifica\u00e7\u00e3o e fica mais pr\u00f3ximo do lan\u00e7amento"},"content":{"rendered":"<p>O <strong>Galaxy S26 Ultra<\/strong> vem ganhando diversas certifica\u00e7\u00f5es ao redor do mundo. Desta vez, o novo flagship da <strong>Samsung <\/strong>foi homologado pela NBTC da Tail\u00e2ndia, indicando que o lan\u00e7amento est\u00e1 cada vez mais pr\u00f3ximo. Ele deve chegar ao mercado com especifica\u00e7\u00f5es de ponta e melhorias importantes, incluindo o poderoso<strong> Snapdragon 8 Elite Gen 5 <\/strong>e carregamento aprimorado.<\/p>\n<p>Galaxy S26 Ultra ganha nova certifica\u00e7\u00e3o<\/p>\n<p>A documenta\u00e7\u00e3o menciona claramente o nome oficial do aparelho e seu n\u00famero de modelo: &#8220;<strong>SM-S948B\/DS<\/strong>&#8220;. Esse n\u00famero, por sinal, traz algumas informa\u00e7\u00f5es interessantes, j\u00e1 que o &#8220;B&#8221; confirma que essa \u00e9 a variante global do <strong>S26 Ultra<\/strong>, enquanto o &#8220;DS&#8221; informa que ele suporta Dual-SIM.<\/p>\n<p>            &#13;<br \/>\n                    &#13;<br \/>\n                        &#13;<br \/>\n                        &#13;<br \/>\n                        &#13;<br \/>\n                        &#13;<br \/>\n                        <img decoding=\"async\" loading=\"lazy\" width=\"330\" height=\"422\" src=\"https:\/\/www.europesays.com\/pt\/wp-content\/uploads\/2025\/12\/samsung-galaxy-s26-ultra-nbtc.png\"  alt=\"Galaxy S26 Ultra certificado pela NBTC\" title=\"Galaxy S26 Ultra certificado pela NBTC\"\/>&#13;<br \/>\n                    Galaxy S26 Ultra certificado pela NBTC&#13;<\/p>\n<p>Vale lembrar que o pr\u00f3ximo flagship da <strong>Samsung <\/strong>j\u00e1 foi homologado em diversos \u00f3rg\u00e3os reguladores ao redor do mundo. No come\u00e7o de dezembro, ele passou pela FCC dos Estados Unidos, <a class=\"tg-link-manual\" href=\"https:\/\/www.oficinadanet.com.br\/smartphones\/66260-samsung-galaxy-s26-ultra-certificacao-fcc\" rel=\"nofollow noopener\" target=\"_blank\">que confirmou a presen\u00e7a do <strong>Snapdragon 8 Elite Gen 5<\/strong><\/a>. Dias depois, o modelo foi certificado pela 3C da China, <a class=\"tg-link-manual\" href=\"https:\/\/www.oficinadanet.com.br\/samsung\/66371-galaxy-s26-ultra-tera-carregamento-60w-conexao-satelite\" rel=\"nofollow noopener\" target=\"_blank\">que revelou sua pot\u00eancia de carregamento<\/a>.<\/p>\n<p>O que esperar do Galaxy S26 Ultra<\/p>\n<p>Rumores indicam que o <strong>S26 Ultra<\/strong> deve manter o conjunto de quatro c\u00e2meras. A <strong>Samsung <\/strong>deve usar uma lente principal de <strong>200 MP (ISOCELL HP2)<\/strong>, acompanhada por uma <a class=\"tg-link-manual\" href=\"https:\/\/www.oficinadanet.com.br\/smartphones\/36853-quais-sao-as-lentes-de-celular\" rel=\"nofollow noopener\" target=\"_blank\">ultrawide<\/a> de <strong>50 MP<\/strong>, uma <a class=\"lib tg-lib\" href=\"https:\/\/www.oficinadanet.com.br\/smartphones\/36853-quais-sao-as-lentes-de-celular\" rel=\"nofollow noopener\" target=\"_blank\">telefoto<\/a> de <strong>12 MP com zoom \u00f3ptico de 3x<\/strong> e uma segunda telefoto de <strong>50 MP com zoom de 5x<\/strong>. Na frente, a c\u00e2mera de <strong>12 MP<\/strong> segue como padr\u00e3o para selfies e chamadas de v\u00eddeo.<\/p>\n<p>Tamb\u00e9m se fala muito sobre a bateria e, neste caso, <strong><a class=\"tg-link-manual\" href=\"https:\/\/www.oficinadanet.com.br\/noticias\/65977-galaxy-s26-ultra-deve-trazer-bateria-maior-diz-novo-rumor\" rel=\"nofollow noopener\" target=\"_blank\">o que tem sido ventilado na internet<\/a><\/strong> \u00e9 que tenha uma capacidade nominal de <strong>4855 mAh<\/strong>, o que pode ser vendido como <strong>5.200 mAh<\/strong>, o que \u00e9 ligeiramente acima do que vimos no <strong>Galaxy S25 Ultra<\/strong>.<\/p>\n<p>            &#13;<br \/>\n                    &#13;<br \/>\n                        &#13;<br \/>\n                        &#13;<br \/>\n                        &#13;<br \/>\n                        &#13;<br \/>\n                        <img decoding=\"async\" loading=\"lazy\" width=\"330\" height=\"185\" src=\"https:\/\/www.europesays.com\/pt\/wp-content\/uploads\/2025\/12\/s25-ultra-piscina-2.jpg\"  alt=\"Galaxy S25 Ultra\" title=\"Galaxy S25 Ultra\"\/>&#13;<br \/>\n                    <a class=\"lib tg-lib\" href=\"https:\/\/www.oficinadanet.com.br\/smartphones\/samsung-galaxy-s25\" rel=\"nofollow noopener\" target=\"_blank\">Galaxy S25<\/a> Ultra&#13;<\/p>\n<p>De acordo com uma listagem, o <strong>Galaxy S26 Ultra<\/strong> ter\u00e1 suporte a carregamento com fio de <strong>60W<\/strong>. Alguns <a class=\"lib tg-lib\" href=\"https:\/\/www.oficinadanet.com.br\/rumores\" rel=\"nofollow noopener\" target=\"_blank\">rumores<\/a> apontam que, com essa melhoria no carregamento, o aparelho ser\u00e1 capaz de sair dos 0 aos 80% em <strong>apenas 30 minutos<\/strong>.<\/p>\n<p>Na parte de tela, a <strong>Samsung <\/strong>deve manter um painel <strong>Dynamic AMOLED 2X de 6,9 polegadas<\/strong>, com taxa vari\u00e1vel de <strong>1 a 120 Hz<\/strong>, brilho mais alto e Glasstic aprimorado. O corpo deve ficar mais fino, com algo na casa dos <strong>7 mm<\/strong>, segundo as informa\u00e7\u00f5es dispon\u00edveis at\u00e9 agora.<\/p>\n<p>O <strong>Galaxy S26 Ultra<\/strong> deve sair da caixa com <strong>Android 16 rodando o One UI 8.5<\/strong>, vers\u00e3o que a <strong>Samsung <\/strong>j\u00e1 come\u00e7ou a preparar internamente, inclusive com melhorias na Galaxy AI e mudan\u00e7as visuais profundas na interface.<\/p>\n<p>Quando ser\u00e1 o lan\u00e7amento?<\/p>\n<p>A expectativa \u00e9 de que o an\u00fancio aconte\u00e7a no in\u00edcio de 2026. Fontes ligadas a empresa confirmam o lan\u00e7amento oficial <strong>em mar\u00e7o<\/strong>.<\/p>\n<p><a href=\"https:\/\/www.sammyfans.com\/2025\/12\/23\/samsung-galaxy-s26-ultra-appears-on-nbtc-database-launch-nears\/\" class=\"tg-link-manual\" rel=\"nofollow  noopener\" target=\"_blank\">Via<\/a><\/p>\n","protected":false},"excerpt":{"rendered":"O Galaxy S26 Ultra vem ganhando diversas certifica\u00e7\u00f5es ao redor do mundo. Desta vez, o novo flagship da&hellip;\n","protected":false},"author":2,"featured_media":202533,"comment_status":"","ping_status":"","sticky":false,"template":"","format":"standard","meta":{"footnotes":""},"categories":[84],"tags":[109,107,108,2765,13,32,33,952,105,103,104,954,106,110],"class_list":{"0":"post-202532","1":"post","2":"type-post","3":"status-publish","4":"format-standard","5":"has-post-thumbnail","7":"category-ciencia-e-tecnologia","8":"tag-ciencia","9":"tag-ciencia-e-tecnologia","10":"tag-cienciaetecnologia","11":"tag-galaxy-s26-ultra","12":"tag-noticias","13":"tag-portugal","14":"tag-pt","15":"tag-samsung","16":"tag-science","17":"tag-science-and-technology","18":"tag-scienceandtechnology","19":"tag-smartphones","20":"tag-technology","21":"tag-tecnologia"},"share_on_mastodon":{"url":"https:\/\/pubeurope.com\/@pt\/115782730897108457","error":""},"_links":{"self":[{"href":"https:\/\/www.europesays.com\/pt\/wp-json\/wp\/v2\/posts\/202532","targetHints":{"allow":["GET"]}}],"collection":[{"href":"https:\/\/www.europesays.com\/pt\/wp-json\/wp\/v2\/posts"}],"about":[{"href":"https:\/\/www.europesays.com\/pt\/wp-json\/wp\/v2\/types\/post"}],"author":[{"embeddable":true,"href":"https:\/\/www.europesays.com\/pt\/wp-json\/wp\/v2\/users\/2"}],"replies":[{"embeddable":true,"href":"https:\/\/www.europesays.com\/pt\/wp-json\/wp\/v2\/comments?post=202532"}],"version-history":[{"count":0,"href":"https:\/\/www.europesays.com\/pt\/wp-json\/wp\/v2\/posts\/202532\/revisions"}],"wp:featuredmedia":[{"embeddable":true,"href":"https:\/\/www.europesays.com\/pt\/wp-json\/wp\/v2\/media\/202533"}],"wp:attachment":[{"href":"https:\/\/www.europesays.com\/pt\/wp-json\/wp\/v2\/media?parent=202532"}],"wp:term":[{"taxonomy":"category","embeddable":true,"href":"https:\/\/www.europesays.com\/pt\/wp-json\/wp\/v2\/categories?post=202532"},{"taxonomy":"post_tag","embeddable":true,"href":"https:\/\/www.europesays.com\/pt\/wp-json\/wp\/v2\/tags?post=202532"}],"curies":[{"name":"wp","href":"https:\/\/api.w.org\/{rel}","templated":true}]}}