{"id":202534,"date":"2025-12-25T23:10:09","date_gmt":"2025-12-25T23:10:09","guid":{"rendered":"https:\/\/www.europesays.com\/pt\/202534\/"},"modified":"2025-12-25T23:10:09","modified_gmt":"2025-12-25T23:10:09","slug":"cinco-tecnologias-que-vao-transformar-o-nosso-dia-a-dia-em-2026-inovacao","status":"publish","type":"post","link":"https:\/\/www.europesays.com\/pt\/202534\/","title":{"rendered":"Cinco tecnologias que v\u00e3o transformar o nosso dia-a-dia em 2026 | Inova\u00e7\u00e3o"},"content":{"rendered":"<p>Depois do entusiasmo algo ca\u00f3tico em torno da intelig\u00eancia artificial em 2024 e 2025, 2026 dever\u00e1 marcar a sua maturidade. Menos deslumbramento, mais utilidade pr\u00e1tica. A IA deixa de ser um fim em si mesma para se tornar uma camada invis\u00edvel que liga servi\u00e7os, dispositivos e dados, simplificando tarefas do quotidiano. O objectivo j\u00e1 n\u00e3o \u00e9 usar mais tecnologia, mas precisar de pensar menos nela.<\/p>\n<p>A leitura dos relat\u00f3rios de tend\u00eancias de consultoras como a Gartner e a observa\u00e7\u00e3o das estrat\u00e9gias dos grandes actores tecnol\u00f3gicos revelam um padr\u00e3o claro: a inova\u00e7\u00e3o aproxima-se do utilizador, adapta-se ao seu contexto e integra-se nas rotinas existentes. Em vez de exigir aprendizagem constante, passa a funcionar em segundo plano \u2014 mas com impacto real.<\/p>\n<p>Estas s\u00e3o cinco tecnologias que, em 2026, dever\u00e3o come\u00e7ar a fazer essa diferen\u00e7a de forma tang\u00edvel.<\/p>\n<p><strong>Agentes de IA: da conversa \u00e0 ac\u00e7\u00e3o aut\u00f3noma<\/strong><\/p>\n<p>A intelig\u00eancia artificial generativa est\u00e1 a evoluir para algo mais ambicioso: agentes capazes de agir de forma aut\u00f3noma em nome do utilizador. Em vez de responderem apenas a perguntas, passam a executar tarefas completas \u2014 marcar reuni\u00f5es, gerir despesas, planear viagens ou comparar servi\u00e7os \u2014 atravessando v\u00e1rias aplica\u00e7\u00f5es com uma \u00fanica instru\u00e7\u00e3o. \u00c9 expect\u00e1vel que assumam um papel cada vez mais central na experi\u00eancia do sistema operativo, sobretudo em dispositivos m\u00f3veis.<\/p>\n<p>                &#13;<br \/>\n                    &#13;<br \/>\n                    &#13;<br \/>\n                        A miniaturiza\u00e7\u00e3o da tecnologia est\u00e1 a permitir desenvolver \u00f3culos de realidade aumentada mais leves e f\u00e1ceis de usar. Estes aparelhos ser\u00e3o capazes de nos dar informa\u00e7\u00f5es contextuais sobre o ambiente em nosso redor, fazer tradu\u00e7\u00f5es em tempo rela e ajudar-nos em v\u00e1rios tipos de tarefas&#13;<br \/>\nDR                    &#13;<\/p>\n<p>Na pr\u00e1tica, funcionam como intermedi\u00e1rios digitais que tratam da burocracia invis\u00edvel do dia-a-dia. O ganho mais evidente \u00e9 o tempo: menos cliques, menos decis\u00f5es repetitivas, menos tarefas administrativas. Mas esta conveni\u00eancia exige acesso profundo a dados pessoais, incluindo informa\u00e7\u00e3o financeira e profissional, tornando a confian\u00e7a, a seguran\u00e7a e a transpar\u00eancia factores cr\u00edticos para a adop\u00e7\u00e3o.<\/p>\n<p><strong>Computa\u00e7\u00e3o espacial leve: informa\u00e7\u00e3o integrada no mundo real<\/strong><\/p>\n<p>A realidade aumentada come\u00e7a finalmente a libertar-se do estatuto de curiosidade tecnol\u00f3gica. Em 2026, a combina\u00e7\u00e3o de componentes mais pequenos, processadores mais eficientes e baterias mais dur\u00e1veis dever\u00e1 permitir \u00f3culos inteligentes utiliz\u00e1veis no quotidiano.<\/p>\n<p>Em vez de experi\u00eancias imersivas, a aposta est\u00e1 na informa\u00e7\u00e3o contextual: direc\u00e7\u00f5es de navega\u00e7\u00e3o sobrepostas ao ambiente real, tradu\u00e7\u00f5es instant\u00e2neas durante conversas ou legendas em tempo real. Tudo sem retirar o utilizador do mundo f\u00edsico \u2014 e sem a depend\u00eancia constante do smartphone. Os pre\u00e7os iniciais dever\u00e3o manter-se elevados, mas a utilidade pr\u00e1tica poder\u00e1 acelerar a adop\u00e7\u00e3o, sobretudo em contextos profissionais, mobilidade urbana e acessibilidade.<\/p>\n<p><strong>Baterias de estado s\u00f3lido: autonomia e seguran\u00e7a refor\u00e7adas<\/strong><\/p>\n<p>A evolu\u00e7\u00e3o das baterias \u00e9 menos vis\u00edvel, mas frequentemente mais transformadora do que novos processadores ou ecr\u00e3s. As <a href=\"https:\/\/www.publico.pt\/2025\/11\/05\/enter\/noticia\/baterias-estado-solido-promessa-nova-automoveis-electricos-2153314\" rel=\"nofollow noopener\" target=\"_blank\">baterias de estado s\u00f3lido<\/a> prometem ser um desses avan\u00e7os estruturais. Ao substituir o electr\u00f3lito l\u00edquido por um material s\u00f3lido, oferecem maior densidade energ\u00e9tica, maior longevidade e n\u00edveis de seguran\u00e7a superiores.<\/p>\n<p>                &#13;<br \/>\n                    &#13;<br \/>\n                    &#13;<br \/>\n                        As baterias de estado s\u00f3lido dever\u00e3o come\u00e7ar a chegar ao mercado neste novo ano. Estes sistemas de armazenamento de energia t\u00eam muitas vantagens, como maior capacidade e maior longevidade&#13;<br \/>\nDR                    &#13;<\/p>\n<p>Em 2026, esta tecnologia dever\u00e1 come\u00e7ar a chegar a dispositivos de consumo de topo, al\u00e9m de alguns ve\u00edculos el\u00e9ctricos. O impacto ser\u00e1 sentido em v\u00e1rias frentes: smartphones mais finos, computadores port\u00e1teis com autonomias significativamente superiores e menor degrada\u00e7\u00e3o ao longo dos anos. Para consumidores que valorizam durabilidade, ser\u00e1 um argumento de compra decisivo.<\/p>\n<p><strong>Sa\u00fade preditiva e o \u201cg\u00e9meo digital\u201d pessoal<\/strong><\/p>\n<p>Os <a href=\"https:\/\/www.publico.pt\/2025\/11\/28\/enter\/critica\/huawei-watch-d2-teste-medidor-tensao-arterial-pulso-2155915\" rel=\"nofollow noopener\" target=\"_blank\">wearables<\/a> est\u00e3o a evoluir de simples monitores para plataformas de sa\u00fade personalizadas. Com sensores mais avan\u00e7ados e modelos de aprendizagem autom\u00e1tica, passam a construir uma representa\u00e7\u00e3o din\u00e2mica do corpo do utilizador \u2014 um \u201cg\u00e9meo digital\u201d capaz de detectar padr\u00f5es e antecipar riscos.<\/p>\n<p>Ao cruzar dados como variabilidade da frequ\u00eancia card\u00edaca, temperatura da pele, oxigena\u00e7\u00e3o do sangue e qualidade do sono, estes sistemas podem sinalizar estados de fadiga, stress elevado ou o in\u00edcio de uma infec\u00e7\u00e3o antes do aparecimento de sintomas claros. N\u00e3o substituem m\u00e9dicos nem diagn\u00f3sticos cl\u00ednicos, mas introduzem um novo paradigma de monitoriza\u00e7\u00e3o cont\u00ednua e preditiva. A privacidade dos dados biom\u00e9tricos e a correcta interpreta\u00e7\u00e3o da informa\u00e7\u00e3o continuam a ser desafios centrais.<\/p>\n<p>                &#13;<br \/>\n                    &#13;<br \/>\n                    &#13;<br \/>\n                        Os wearables como rel\u00f3gios inteligentes ou auriculares associados a algoritmos de IA v\u00e3o ser capazes de ajudar a antecipar problemas de sa\u00fade&#13;<br \/>\nDR                    &#13;<\/p>\n<p><strong>Proveni\u00eancia digital: a autenticidade como base da confian\u00e7a<\/strong><\/p>\n<p>Num ecossistema saturado de imagens, v\u00eddeos e \u00e1udios gerados por IA, a verifica\u00e7\u00e3o da autenticidade torna-se cr\u00edtica. Em 2026, normas como a C2PA dever\u00e3o estar integradas de forma nativa em c\u00e2maras, smartphones e software de edi\u00e7\u00e3o.<\/p>\n<p>Estas tecnologias funcionam como um \u201ccart\u00e3o de identidade\u201d dos conte\u00fados digitais, registando origem, contexto de captura e altera\u00e7\u00f5es posteriores atrav\u00e9s de assinaturas criptogr\u00e1ficas. Plataformas e navegadores poder\u00e3o indicar se um conte\u00fado \u00e9 verific\u00e1vel ou se foi manipulado. N\u00e3o impedem a cria\u00e7\u00e3o de falsifica\u00e7\u00f5es, mas fornecem uma base t\u00e9cnica para restaurar a confian\u00e7a no espa\u00e7o digital.<\/p>\n<p>Mais do que um ano de gadgets revolucion\u00e1rios, 2026 dever\u00e1 ficar marcado pela integra\u00e7\u00e3o inteligente. A tecnologia com maior impacto ser\u00e1 aquela que se torna quase invis\u00edvel \u2014 n\u00e3o porque desaparece, mas porque funciona melhor, com menos esfor\u00e7o do utilizador.<\/p>\n","protected":false},"excerpt":{"rendered":"Depois do entusiasmo algo ca\u00f3tico em torno da intelig\u00eancia artificial em 2024 e 2025, 2026 dever\u00e1 marcar a&hellip;\n","protected":false},"author":2,"featured_media":202535,"comment_status":"","ping_status":"","sticky":false,"template":"","format":"standard","meta":{"footnotes":""},"categories":[83],"tags":[2837,88,107,89,90,246,2172,933,32,33,110],"class_list":{"0":"post-202534","1":"post","2":"type-post","3":"status-publish","4":"format-standard","5":"has-post-thumbnail","7":"category-empresas","8":"tag-2837","9":"tag-business","10":"tag-ciencia-e-tecnologia","11":"tag-economy","12":"tag-empresas","13":"tag-enter","14":"tag-inovacao","15":"tag-inteligencia-artificial","16":"tag-portugal","17":"tag-pt","18":"tag-tecnologia"},"share_on_mastodon":{"url":"https:\/\/pubeurope.com\/@pt\/115782734547703895","error":""},"_links":{"self":[{"href":"https:\/\/www.europesays.com\/pt\/wp-json\/wp\/v2\/posts\/202534","targetHints":{"allow":["GET"]}}],"collection":[{"href":"https:\/\/www.europesays.com\/pt\/wp-json\/wp\/v2\/posts"}],"about":[{"href":"https:\/\/www.europesays.com\/pt\/wp-json\/wp\/v2\/types\/post"}],"author":[{"embeddable":true,"href":"https:\/\/www.europesays.com\/pt\/wp-json\/wp\/v2\/users\/2"}],"replies":[{"embeddable":true,"href":"https:\/\/www.europesays.com\/pt\/wp-json\/wp\/v2\/comments?post=202534"}],"version-history":[{"count":0,"href":"https:\/\/www.europesays.com\/pt\/wp-json\/wp\/v2\/posts\/202534\/revisions"}],"wp:featuredmedia":[{"embeddable":true,"href":"https:\/\/www.europesays.com\/pt\/wp-json\/wp\/v2\/media\/202535"}],"wp:attachment":[{"href":"https:\/\/www.europesays.com\/pt\/wp-json\/wp\/v2\/media?parent=202534"}],"wp:term":[{"taxonomy":"category","embeddable":true,"href":"https:\/\/www.europesays.com\/pt\/wp-json\/wp\/v2\/categories?post=202534"},{"taxonomy":"post_tag","embeddable":true,"href":"https:\/\/www.europesays.com\/pt\/wp-json\/wp\/v2\/tags?post=202534"}],"curies":[{"name":"wp","href":"https:\/\/api.w.org\/{rel}","templated":true}]}}