{"id":202539,"date":"2025-12-25T23:15:11","date_gmt":"2025-12-25T23:15:11","guid":{"rendered":"https:\/\/www.europesays.com\/pt\/202539\/"},"modified":"2025-12-25T23:15:11","modified_gmt":"2025-12-25T23:15:11","slug":"nasceu-leo-chaves-mostra-as-primeiras-fotos-filho-recem-nascido-vicente","status":"publish","type":"post","link":"https:\/\/www.europesays.com\/pt\/202539\/","title":{"rendered":"Nasceu! Leo Chaves mostra as primeiras fotos filho rec\u00e9m-nascido, Vicente"},"content":{"rendered":"<p>O cantor <strong>Leo Chaves<\/strong> j\u00e1 \u00e9 <a href=\"https:\/\/caras.com.br\/revista\/leo-chaves-celebra-gestacao-do-quinto-filho-arrancar-velhas-roupas-e-vestir-novas.phtml\" rel=\"nofollow noopener\" target=\"_blank\">papai pela quinta vez<\/a>! O filho ca\u00e7ula dele, <strong>Vicente<\/strong>, nasceu no dia 15 de outubro de 2025, mas o pai coruja s\u00f3 revelou a chegada do beb\u00ea publicamente em 25 de dezembro de 2025.<\/p>\n<p>A chegada do beb\u00ea foi anunciada de uma forma encantadora nas redes sociais. Leo e a esposa, <strong>Carolina Figueira<\/strong>, fizeram um ensaio fotogr\u00e1fico no jardim com o beb\u00ea no colo para celebrarem o nascimento do novo integrante da fam\u00edlia.<\/p>\n<p>Nas fotos, o beb\u00ea Vicente j\u00e1 apareceu grand\u00e3o com seus dois meses de vida. \u201c\u00c9 Natal! Aproveitamos para compartilhar a felicidade do nascimento do nosso Vicente, que chegou dia 15 de outubro, trazendo mais luz para nossa fam\u00edlia\u201d, disseram na legenda do post em conjunto.<\/p>\n<p>Leo Chaves tem 5 filhos: Matheus, de 18 anos, Ant\u00f4nio, de 15 anos, Jos\u00e9, de 8 anos, Francisco, de 1 ano, e Vicente, de 2 meses.<\/p>\n<p>\t <img loading=\"lazy\" decoding=\"async\" class=\"wp-image-1049935 size-full img-fluid lazy\" alt=\"Leo Chaves apresenta o filho Vicente - Foto: Reprodu\u00e7\u00e3o \/ Instagram\" width=\"1208\" height=\"1332\" src=\"https:\/\/www.europesays.com\/pt\/wp-content\/uploads\/2025\/12\/leo-chaves-e-vicente.jpg\"  \/>Leo Chaves apresenta o filho Vicente \u2013 Foto: Reprodu\u00e7\u00e3o \/ Instagram <img loading=\"lazy\" decoding=\"async\" class=\"wp-image-1049937 size-full img-fluid lazy\" alt=\"Leo Chaves apresenta o filho Vicente - Foto: Reprodu\u00e7\u00e3o \/ Instagram\" width=\"1248\" height=\"1276\" src=\"https:\/\/www.europesays.com\/pt\/wp-content\/uploads\/2025\/12\/vicente-filho-leo-chaves.jpg\"  \/>Leo Chaves apresenta o filho Vicente \u2013 Foto: Reprodu\u00e7\u00e3o \/ Instagram <\/p>\n<blockquote class=\"instagram-media\" style=\"background: #FFF; border: 0; border-radius: 3px; box-shadow: 0 0 1px 0 rgba(0,0,0,0.5),0 1px 10px 0 rgba(0,0,0,0.15); margin: 1px; max-width: 540px; min-width: 326px; padding: 0; width: calc(100% - 2px);\" data-instgrm-captioned=\"\" data-instgrm-permalink=\"https:\/\/www.instagram.com\/p\/DSsu40gERiq\/?utm_source=ig_embed&amp;utm_campaign=loading\" data-instgrm-version=\"14\"><\/blockquote>\n<p>  Como Leo Chaves conheceu a atual esposa? <\/p>\n<p>Em um v\u00eddeo encantador nas redes sociais, Leo Chaves e a atual esposa, Carolina Figueira, contaram como se conheceram. Os dois se viram pela primeira vez na casa dos pais dela. Ela foi visitar os pais e Leo estava l\u00e1 para um almo\u00e7o de amigos, j\u00e1 que as duas fam\u00edlias s\u00e3o apaixonadas por cavalos.<\/p>\n<p>\u201cJamais passou pela minha cabe\u00e7a que eu iria o encontrar l\u00e1 na fazenda dos meus pais. A gente, a minha, minha fam\u00edlia sempre gostou muito de cavalos assim. E a\u00ed eu cheguei, n\u00e9, minha m\u00e3e tava assim, eh, corre dali, corre daqui. E a\u00ed eu falei: \u201cAi, m\u00e3e, deve tentando conversar com ela.\u201d Ela: \u201cN\u00e3o, t\u00f4 ocupada. Ela porque o L\u00e9o vem aqui almo\u00e7ar e tal\u201d. Nos vimos muito rapidamente porque eu tinha um compromisso e ele foi olhar o cavalo. Surgiu o assunto que eu era design de interiores, que eu gostava muito de obra. Ele falou assim: \u201cAh, eu preciso de uma obra\u201d. E a gente trocou telefone ali. Ele falou: \u201cNa verdade, o projeto \u00e9 uma desculpa, porque eu queria jantar com voc\u00ea, te conhecer\u201d. Nossa. Eu falei: \u201cMeu Deus\u201d\u201c, disse ela.<\/p>\n<p>No entanto, Carolina n\u00e3o correspondeu \u00e0 cantada. \u201cEla mandou uma mensagem, respondeu assim: \u201cOlha, muito legal, fico muito feliz em saber, posso te ajudar com a casa, mas melhor a gente deixar a nossa rela\u00e7\u00e3o s\u00f3 no profissional\u201d\u201c, disse ele. E ela completou: \u201cA\u00ed ele escreveu assim: \u201cPodemos come\u00e7ar por a\u00ed\u201d. Mas realmente come\u00e7amos, n\u00e9, pelo projeto e tudo mais. E a\u00ed n\u00f3s fomos e jantar, n\u00e9? E jantamos pela primeira vez\u201c.<\/p>\n<p>A partir da\u00ed, os dois engataram o romance. \u201cA gente casou no dia do Natal, com a nossa fam\u00edlia, foi muito especial. A gente se conecta muito por isso, porque um casal ele se fortalece dessa forma, n\u00e3o se fortalece com a viagem tal ou sabe,<br \/>um casal forte \u00e9 base. Ent\u00e3o, o L\u00e9o \u00e9 a minha maior e a minha mais importante corda do meu cora\u00e7\u00e3o\u201c, disse ela. E ele completou: \u201cE o cora\u00e7\u00e3o bom tamb\u00e9m Carol, uma rocha no meio de um oceano bem turbulento, que \u00e9 a minha vida\u201c.<\/p>\n<blockquote class=\"instagram-media\" style=\"background: #FFF; border: 0; border-radius: 3px; box-shadow: 0 0 1px 0 rgba(0,0,0,0.5),0 1px 10px 0 rgba(0,0,0,0.15); margin: 1px; max-width: 540px; min-width: 326px; padding: 0; width: calc(100% - 2px);\" data-instgrm-permalink=\"https:\/\/www.instagram.com\/reel\/DKdJfREvzgq\/?utm_source=ig_embed&amp;utm_campaign=loading\" data-instgrm-version=\"14\"><\/blockquote>\n<p>        <a href=\"https:\/\/caras.com.br\/autor\/priscilla-comoti\" rel=\"nofollow noopener\" target=\"_blank\">&#13;<br \/>\n          <img alt=\"Priscilla Comoti\" src=\"https:\/\/www.europesays.com\/pt\/wp-content\/uploads\/2025\/12\/1766704511_215_e53883bdf02c542f6517b68879e8cb08b27a1d55c4dfd53577e47d3ab6331a06\"  class=\"avatar avatar-115 photo rounded-circle mr-3\" height=\"115\" width=\"115\" loading=\"lazy\" decoding=\"async\"\/>        <\/a><\/p>\n<p>Priscilla Comoti \u00e9 editora de conte\u00fado do site CARAS. Ela \u00e9 formada em jornalismo e em audiovisual, j\u00e1 passou pelos sites Contigo!, Minha Novela, TiTiTi, Mais Novela e Portal M\u00e1rcia Piovesan. Escreve sobre celebridades, not\u00edcias sobre a fam\u00edlia real brit\u00e2nica, TV, reality show e novelas.<\/p>\n<p>\t                                            <script async src=\"\/\/www.instagram.com\/embed.js\"><\/script><\/p>\n","protected":false},"excerpt":{"rendered":"O cantor Leo Chaves j\u00e1 \u00e9 papai pela quinta vez! O filho ca\u00e7ula dele, Vicente, nasceu no dia&hellip;\n","protected":false},"author":2,"featured_media":202540,"comment_status":"","ping_status":"","sticky":false,"template":"","format":"standard","meta":{"footnotes":""},"categories":[145],"tags":[2557,211,210,114,115,40240,32,33,40241],"class_list":{"0":"post-202539","1":"post","2":"type-post","3":"status-publish","4":"format-standard","5":"has-post-thumbnail","7":"category-celebridades","8":"tag-bebe","9":"tag-celebridades","10":"tag-celebrities","11":"tag-entertainment","12":"tag-entretenimento","13":"tag-leo-chaves","14":"tag-portugal","15":"tag-pt","16":"tag-quinto-filho"},"share_on_mastodon":{"url":"https:\/\/pubeurope.com\/@pt\/115782754630234908","error":""},"_links":{"self":[{"href":"https:\/\/www.europesays.com\/pt\/wp-json\/wp\/v2\/posts\/202539","targetHints":{"allow":["GET"]}}],"collection":[{"href":"https:\/\/www.europesays.com\/pt\/wp-json\/wp\/v2\/posts"}],"about":[{"href":"https:\/\/www.europesays.com\/pt\/wp-json\/wp\/v2\/types\/post"}],"author":[{"embeddable":true,"href":"https:\/\/www.europesays.com\/pt\/wp-json\/wp\/v2\/users\/2"}],"replies":[{"embeddable":true,"href":"https:\/\/www.europesays.com\/pt\/wp-json\/wp\/v2\/comments?post=202539"}],"version-history":[{"count":0,"href":"https:\/\/www.europesays.com\/pt\/wp-json\/wp\/v2\/posts\/202539\/revisions"}],"wp:featuredmedia":[{"embeddable":true,"href":"https:\/\/www.europesays.com\/pt\/wp-json\/wp\/v2\/media\/202540"}],"wp:attachment":[{"href":"https:\/\/www.europesays.com\/pt\/wp-json\/wp\/v2\/media?parent=202539"}],"wp:term":[{"taxonomy":"category","embeddable":true,"href":"https:\/\/www.europesays.com\/pt\/wp-json\/wp\/v2\/categories?post=202539"},{"taxonomy":"post_tag","embeddable":true,"href":"https:\/\/www.europesays.com\/pt\/wp-json\/wp\/v2\/tags?post=202539"}],"curies":[{"name":"wp","href":"https:\/\/api.w.org\/{rel}","templated":true}]}}