{"id":202541,"date":"2025-12-25T23:18:36","date_gmt":"2025-12-25T23:18:36","guid":{"rendered":"https:\/\/www.europesays.com\/pt\/202541\/"},"modified":"2025-12-25T23:18:36","modified_gmt":"2025-12-25T23:18:36","slug":"do-ponto-de-vista-do-fascismo-foi-um-ano-muito-bom-diz-humorista-jimmy-kimmel","status":"publish","type":"post","link":"https:\/\/www.europesays.com\/pt\/202541\/","title":{"rendered":"&#8220;Do ponto de vista do fascismo, foi um ano muito bom&#8221;, diz humorista Jimmy Kimmel"},"content":{"rendered":"<p data-remotead-prev-elm=\"true\" data-remotead-elm-id=\"inread\">O Channel 4 difunde todos os anos desde 1993 um discurso de Natal alternativo ao que \u00e9 proferido pelo monarca brit\u00e2nico.<\/p>\n<p>Este ano, a escolha do canal recaiu sobre Jimmy Kimmel, estrela dos &#8216;late night shows&#8217; nos EUA (programas de entretenimento de fim de noite), e que teve o seu programa suspenso em setembro, depois de ter acusado a direita norte-americana de explorar politicamente o assassinato do influenciador apoiante do presidente Donald Trump, Charlie Kirk.<\/p>\n<p>&#8220;Honestamente, penso que n\u00e3o sei nada do que se passa convosco. Em contrapartida, sei o que se passa connosco, e posso dizer-vos que, do ponto de vista do fascismo, foi um ano muito bom&#8221;, declarou o humorista na abertura da sua alocu\u00e7\u00e3o televisiva.<\/p>\n<p data-remotead-prev-elm=\"true\" data-remotead-elm-id=\"centro1\">&#8220;A tirania prospera aqui&#8221;, acrescentou, antes de entrar em detalhes sobre a sua suspens\u00e3o.<\/p>\n<p>Depois da pol\u00e9mica e das acusa\u00e7\u00f5es de censura, voltou finalmente ao est\u00fadio de grava\u00e7\u00e3o, uma semana ap\u00f3s a suspens\u00e3o.<\/p>\n<p>&#8220;O facto de um Governo remeter os seus detratores ao sil\u00eancio \u00e9 qualquer coisa que acontece em pa\u00edses como a R\u00fassia, a Coreia do Norte e em Los Angeles, mas n\u00e3o no Reino Unido&#8221;, ironizou Kimmel, antes de deixar um aviso aos brit\u00e2nicos: &#8220;Acontece tudo muito r\u00e1pido&#8221;.<\/p>\n<p data-remotead-prev-elm=\"true\" data-remotead-elm-id=\"centro2\">Mas o presidente americano, que o humorista batizou de &#8220;rei Donnie VIII&#8221;, numa alus\u00e3o ao brit\u00e2nico Henrique VIII, &#8220;perdeu&#8221;, garantiu Kimmel, numa refer\u00eancia ao facto de a emiss\u00e3o do seu programa &#8220;Jimmy Kimmel Live!&#8221; ter sido prolongada at\u00e9 meados de 2027.<\/p>\n<p>Kimmel apelou ainda aos brit\u00e2nicos para que n\u00e3o abandonem os americanos: &#8220;Atravessamos um per\u00edodo dif\u00edcil neste momento, mas vamos sair dele&#8221;, acrescentou.<\/p>\n<p>Nomes como o comediante brit\u00e2nico Stephen Fry (2023) e o denunciante americano Edward Snowden (2013) fazem parte da lista de personalidades que j\u00e1 proferiram uma mensagem de Natal alternativa no Channel 4.<\/p>\n","protected":false},"excerpt":{"rendered":"O Channel 4 difunde todos os anos desde 1993 um discurso de Natal alternativo ao que \u00e9 proferido&hellip;\n","protected":false},"author":2,"featured_media":202542,"comment_status":"","ping_status":"","sticky":false,"template":"","format":"standard","meta":{"footnotes":""},"categories":[142],"tags":[92,114,115,413,40236,11011,62,32,33,151],"class_list":{"0":"post-202541","1":"post","2":"type-post","3":"status-publish","4":"format-standard","5":"has-post-thumbnail","7":"category-tv","8":"tag-donald-trump","9":"tag-entertainment","10":"tag-entretenimento","11":"tag-eua","12":"tag-fascismo","13":"tag-jimmy-kimmel","14":"tag-mundo","15":"tag-portugal","16":"tag-pt","17":"tag-tv"},"share_on_mastodon":{"url":"https:\/\/pubeurope.com\/@pt\/115782765991710953","error":""},"_links":{"self":[{"href":"https:\/\/www.europesays.com\/pt\/wp-json\/wp\/v2\/posts\/202541","targetHints":{"allow":["GET"]}}],"collection":[{"href":"https:\/\/www.europesays.com\/pt\/wp-json\/wp\/v2\/posts"}],"about":[{"href":"https:\/\/www.europesays.com\/pt\/wp-json\/wp\/v2\/types\/post"}],"author":[{"embeddable":true,"href":"https:\/\/www.europesays.com\/pt\/wp-json\/wp\/v2\/users\/2"}],"replies":[{"embeddable":true,"href":"https:\/\/www.europesays.com\/pt\/wp-json\/wp\/v2\/comments?post=202541"}],"version-history":[{"count":0,"href":"https:\/\/www.europesays.com\/pt\/wp-json\/wp\/v2\/posts\/202541\/revisions"}],"wp:featuredmedia":[{"embeddable":true,"href":"https:\/\/www.europesays.com\/pt\/wp-json\/wp\/v2\/media\/202542"}],"wp:attachment":[{"href":"https:\/\/www.europesays.com\/pt\/wp-json\/wp\/v2\/media?parent=202541"}],"wp:term":[{"taxonomy":"category","embeddable":true,"href":"https:\/\/www.europesays.com\/pt\/wp-json\/wp\/v2\/categories?post=202541"},{"taxonomy":"post_tag","embeddable":true,"href":"https:\/\/www.europesays.com\/pt\/wp-json\/wp\/v2\/tags?post=202541"}],"curies":[{"name":"wp","href":"https:\/\/api.w.org\/{rel}","templated":true}]}}