{"id":202548,"date":"2025-12-25T23:24:11","date_gmt":"2025-12-25T23:24:11","guid":{"rendered":"https:\/\/www.europesays.com\/pt\/202548\/"},"modified":"2025-12-25T23:24:11","modified_gmt":"2025-12-25T23:24:11","slug":"mensagem-de-natal-montenegro-pede-fim-da-mentalidade-do-deixa-andar-e-mais-mentalidade-de-cristiano-ronaldo","status":"publish","type":"post","link":"https:\/\/www.europesays.com\/pt\/202548\/","title":{"rendered":"Mensagem de Natal. Montenegro pede fim da mentalidade do &#8220;deixa andar&#8221; e mais mentalidade &#8220;de Cristiano Ronaldo&#8221;"},"content":{"rendered":"<p>&#13;<br \/>\nNuma mensagem de Natal transmitida esta quinta-feira, o primeiro-ministro disse haver motivos para que os portugueses tenham esperan\u00e7a no futuro, j\u00e1 que \u201ctemos tudo para elevar a fasquia\u201d. Lu\u00eds Montenegro pediu que a mentalidade do \u201cdeixa andar\u201d seja substitu\u00edda pela \u201cmentalidade de Cristiano Ronaldo\u201d de jogar sempre para ganhar.&#13;\n<\/p>\n<p>\nO chefe de Governo considera que <b>\u201ca fam\u00edlia portuguesa, enquanto pa\u00eds e na\u00e7\u00e3o, tem motivos para se reunir e olhar com esperan\u00e7a para o futuro\u201d<\/b>, uma vez que estamos \u201cno caminho no crescimento, da estabilidade, da execu\u00e7\u00e3o de uma agenda transformadora\u201d.<\/p>\n<p>Lu\u00eds Montenegro repetiu o argumento j\u00e1 usado anteriormente de que \u201cPortugal \u00e9 hoje uma refer\u00eancia a n\u00edvel europeu e mundial\u201d e que\u00a0&#8220;os rendimentos dos portugueses est\u00e3o a subir e a nossa economia a crescer consistentemente acima da m\u00e9dia europeia&#8221;.<\/p>\n<p>&#8220;Este caminho carece de coragem pol\u00edtica e capacidade reformista&#8221;, defendeu. &#8220;Precisamos de ser mais eficientes e mais produtivos para atingirmos novos patamares de crescimento que tragam tamb\u00e9m novos patamares de rendimento&#8221;.<br \/>&#13;\n<\/p>\n<p>          <img decoding=\"async\" itemprop=\"image\" class=\"img-fluid\"   src=\"https:\/\/www.europesays.com\/pt\/wp-content\/uploads\/2025\/12\/cdd998b99e96f0e58c24f7b036370e10_N.jpg\"\/><\/p>\n<p>\nO primeiro-ministro disse acreditar que, com as condi\u00e7\u00f5es que temos enquanto pa\u00eds, <b>\u201ctemos tudo para elevar a fasquia e fixar novas ambi\u00e7\u00f5es\u201d<\/b>, tanto a n\u00edvel salarial como de reforma do Estado.<\/p>\n<p>Falando em duas op\u00e7\u00f5es de caminho, o primeiro-ministro afirmou que \u201cou nos contentamos com esta circunst\u00e2ncia em que estamos bem\u201d mas na qual podemos perder a m\u00e9dio prazo, \u201cou aproveitamos a situa\u00e7\u00e3o em que estamos e tratamos j\u00e1 de garantir a nossa pr\u00f3pria evolu\u00e7\u00e3o, para continuarmos a crescer mais do que os outros no futuro\u201d.<\/p>\n<p>\u201c\u00c9 a diferen\u00e7a entre jogar para empatar ou ter a mentalidade vencedora de jogar sempre para ganhar\u201d, explicou.<\/p>\n<p>&#13;<br \/>\n\u201c<b>Temos de nos desprender da mentalidade do \u2018deixa andar\u2019 e temos de adquirir e trabalhar a mentalidade da supera\u00e7\u00e3o<\/b>, a mentalidade do irmos mais longe (\u2026), <b>a mentalidade de Cristiano Ronaldo<\/b>. Os portugueses t\u00eam talento\u201d.&#13;\n<\/p>\n<p>&#13;<br \/>\n&#8220;N\u00e3o est\u00e3o esquecidos&#8221;&#13;\n<\/p>\n<p>No in\u00edcio do seu discurso, Montenegro deixou \u201cuma palavra especial\u201d aos que este Natal se encontram sozinhos ou que vivem momentos de fragilidade, nomeadamente \u201cos idosos que vivem em solid\u00e3o\u201d ou \u201cos que s\u00e3o v\u00edtimas de viol\u00eancia, muitas vezes dentro das suas pr\u00f3prias casas\u201d.<\/p>\n<p>\u201cDos que sofrem problemas de sa\u00fade, dos que vivem situa\u00e7\u00f5es de pobreza. <b>A todos, quero assegurar que n\u00e3o est\u00e3o esquecidos e que trabalhamos todos os dias para vos abrir uma oportunidade de sa\u00edrem dessa situa\u00e7\u00e3o<\/b>\u201d, garantiu.<\/p>\n<p>O chefe do Governo quis deixar um reconhecimento tamb\u00e9m \u201caos que nestes dias festivos garantem a nossa seguran\u00e7a, os servi\u00e7os essenciais e o nosso bem-estar coletivo\u201d, como profissionais de sa\u00fade, dos transportes, bombeiros, for\u00e7as de seguran\u00e7a, militares ou jornalistas.<\/p>\n<p>Lembrou ainda as fam\u00edlias \u201cdos que vivem tantas guerras, como em \u00c1frica, no M\u00e9dio Oriente ou na Ucr\u00e2nia\u201d.<\/p>\n","protected":false},"excerpt":{"rendered":"&#13; Numa mensagem de Natal transmitida esta quinta-feira, o primeiro-ministro disse haver motivos para que os portugueses tenham&hellip;\n","protected":false},"author":2,"featured_media":202549,"comment_status":"","ping_status":"","sticky":false,"template":"","format":"standard","meta":{"footnotes":""},"categories":[85],"tags":[114,115,1447,7561,32,3610,33],"class_list":{"0":"post-202548","1":"post","2":"type-post","3":"status-publish","4":"format-standard","5":"has-post-thumbnail","7":"category-entretenimento","8":"tag-entertainment","9":"tag-entretenimento","10":"tag-luis-montenegro","11":"tag-natal","12":"tag-portugal","13":"tag-primeiro-ministro","14":"tag-pt"},"share_on_mastodon":{"url":"https:\/\/pubeurope.com\/@pt\/115782790291830231","error":""},"_links":{"self":[{"href":"https:\/\/www.europesays.com\/pt\/wp-json\/wp\/v2\/posts\/202548","targetHints":{"allow":["GET"]}}],"collection":[{"href":"https:\/\/www.europesays.com\/pt\/wp-json\/wp\/v2\/posts"}],"about":[{"href":"https:\/\/www.europesays.com\/pt\/wp-json\/wp\/v2\/types\/post"}],"author":[{"embeddable":true,"href":"https:\/\/www.europesays.com\/pt\/wp-json\/wp\/v2\/users\/2"}],"replies":[{"embeddable":true,"href":"https:\/\/www.europesays.com\/pt\/wp-json\/wp\/v2\/comments?post=202548"}],"version-history":[{"count":0,"href":"https:\/\/www.europesays.com\/pt\/wp-json\/wp\/v2\/posts\/202548\/revisions"}],"wp:featuredmedia":[{"embeddable":true,"href":"https:\/\/www.europesays.com\/pt\/wp-json\/wp\/v2\/media\/202549"}],"wp:attachment":[{"href":"https:\/\/www.europesays.com\/pt\/wp-json\/wp\/v2\/media?parent=202548"}],"wp:term":[{"taxonomy":"category","embeddable":true,"href":"https:\/\/www.europesays.com\/pt\/wp-json\/wp\/v2\/categories?post=202548"},{"taxonomy":"post_tag","embeddable":true,"href":"https:\/\/www.europesays.com\/pt\/wp-json\/wp\/v2\/tags?post=202548"}],"curies":[{"name":"wp","href":"https:\/\/api.w.org\/{rel}","templated":true}]}}