{"id":202561,"date":"2025-12-25T23:41:25","date_gmt":"2025-12-25T23:41:25","guid":{"rendered":"https:\/\/www.europesays.com\/pt\/202561\/"},"modified":"2025-12-25T23:41:25","modified_gmt":"2025-12-25T23:41:25","slug":"a-roupa-de-cama-nao-deve-ser-trocada-a-cada-duas-semanas-ou-a-cada-mes-aqui-esta-o-intervalo-de-troca-exato","status":"publish","type":"post","link":"https:\/\/www.europesays.com\/pt\/202561\/","title":{"rendered":"A roupa de cama n\u00e3o deve ser trocada a cada duas semanas ou a cada m\u00eas. Aqui est\u00e1 o intervalo de troca exato"},"content":{"rendered":"<p>Muita gente troca a <strong>roupa de cama<\/strong> apenas quando percebe algum cheiro ou sujeira vis\u00edvel, seguindo um intervalo de duas semanas ou at\u00e9 um m\u00eas. Por\u00e9m, especialistas em higiene alertam que esse h\u00e1bito est\u00e1 longe do ideal e pode comprometer tanto a qualidade do sono quanto a sa\u00fade respirat\u00f3ria. O que parece limpo aos olhos acumula diariamente suor, oleosidade da pele, c\u00e9lulas mortas e cria um ambiente perfeito para prolifera\u00e7\u00e3o de \u00e1caros e bact\u00e9rias que afetam principalmente quem tem alergias ou problemas respirat\u00f3rios.<\/p>\n<p><img data-portal-copyright=\"Imagem gerada por intelig\u00eancia artificial\" fetchpriority=\"high\" decoding=\"async\" class=\"size-full wp-image-2685452\" src=\"https:\/\/www.europesays.com\/pt\/wp-content\/uploads\/2025\/12\/freepik-cama-de-casal-com-lenis-brancos-recmtrocados-estic-16719-scaled-e1766699611110.png\" alt=\"Durante a noite, o corpo humano elimina naturalmente cerca de 200 ml de suor, mesmo em temperaturas amenas\" width=\"1280\" height=\"732\"  \/>Durante a noite, o corpo humano elimina naturalmente cerca de 200 ml de suor, mesmo em temperaturas amenasImagem gerada por intelig\u00eancia artificial<br \/>\nPor que \u00e9 importante trocar roupa de cama semanalmente?<\/p>\n<p>Durante a noite, o <a href=\"https:\/\/catracalivre.com.br\/saude-bem-estar\/12-habitos-que-estao-desidratando-o-seu-corpo-sem-que-voce-perceba\/\" target=\"_blank\" rel=\"noopener nofollow\">corpo humano<\/a> elimina naturalmente cerca de 200 ml de suor, mesmo em temperaturas amenas, al\u00e9m de liberar constantemente c\u00e9lulas mortas da pele e oleosidade natural. Esse ambiente quente e \u00famido que se forma entre os <strong>len\u00e7\u00f3is<\/strong> se torna o habitat ideal para micro-organismos que se alimentam dessas subst\u00e2ncias. Os <a href=\"https:\/\/www.tuasaude.com\/acaro\/\" target=\"_blank\" rel=\"nofollow noopener\">\u00e1caros<\/a> n\u00e3o aparecem por falta de limpeza, mas encontram nos tecidos da cama toda a nutri\u00e7\u00e3o que precisam para se multiplicar rapidamente.<\/p>\n<p>Os principais problemas causados pela troca irregular incluem:<\/p>\n<ul>\n<li><strong>Ac\u00famulo de al\u00e9rgenos:<\/strong> \u00c1caros e seus dejetos provocam rea\u00e7\u00f5es al\u00e9rgicas como nariz entupido, espirros frequentes, coceira nos olhos e irrita\u00e7\u00e3o na garganta, sintomas que pioram principalmente ao acordar.<\/li>\n<li><strong>Prolifera\u00e7\u00e3o bacteriana:<\/strong> Bact\u00e9rias se desenvolvem rapidamente no ambiente \u00famido e quente, podendo causar desde odores desagrad\u00e1veis at\u00e9 infec\u00e7\u00f5es de pele em pessoas com maior sensibilidade.<\/li>\n<li><strong>Comprometimento da qualidade do sono:<\/strong> A presen\u00e7a de al\u00e9rgenos e o desconforto respirat\u00f3rio dificultam um sono profundo e reparador, levando a cansa\u00e7o e irritabilidade durante o dia.<\/li>\n<li><strong>Problemas dermatol\u00f3gicos:<\/strong> O contato prolongado com tecidos sujos pode desencadear acne, irrita\u00e7\u00f5es e outros problemas cut\u00e2neos, especialmente em pessoas com pele sens\u00edvel ou propensa a alergias.<\/li>\n<\/ul>\n<p>Com que frequ\u00eancia especialistas recomendam lavar os len\u00e7\u00f3is?<\/p>\n<p>A orienta\u00e7\u00e3o clara de profissionais de higiene e sa\u00fade \u00e9 trocar e lavar a <strong>roupa de cama completa<\/strong> uma vez por semana, incluindo len\u00e7ol de baixo, fronha e capa de edredom ou cobertor. Esse intervalo de sete dias impede que a carga de sujeira, bact\u00e9rias e al\u00e9rgenos atinja n\u00edveis problem\u00e1ticos para a sa\u00fade. Diferente do que muitos imaginam, esperar duas semanas ou um m\u00eas j\u00e1 permite ac\u00famulo significativo de micro-organismos que comprometem tanto a higiene quanto o bem-estar.<\/p>\n<p>As fronhas merecem aten\u00e7\u00e3o especial porque ficam em contato direto com o rosto durante toda a noite, absorvendo oleosidade da pele, res\u00edduos de produtos capilares e c\u00e9lulas mortas. Para quem tem pele oleosa ou acneica, alguns dermatologistas recomendam at\u00e9 trocar a fronha a cada dois ou tr\u00eas dias para evitar que a sujeira acumulada piore problemas dermatol\u00f3gicos.<\/p>\n<p><img loading=\"lazy\" data-portal-copyright=\"Imagem gerada por intelig\u00eancia artificial\" decoding=\"async\" class=\"size-full wp-image-2685461\" src=\"https:\/\/www.europesays.com\/pt\/wp-content\/uploads\/2025\/12\/freepik-close-em-lenis-sendo-retirados-da-cama-por-uma-pes-16721-scaled-e1766699628291.png\" alt=\"Durante a noite, o corpo humano elimina naturalmente cerca de 200 ml de suor, mesmo em temperaturas amenas\" width=\"1280\" height=\"732\"  \/>Durante a noite, o corpo humano elimina naturalmente cerca de 200 ml de suor, mesmo em temperaturas amenasImagem gerada por intelig\u00eancia artificial<br \/>\nQuais situa\u00e7\u00f5es exigem troca mais frequente da roupa de cama?<\/p>\n<p>Embora a regra geral seja semanal, algumas circunst\u00e2ncias espec\u00edficas demandam intervalos ainda menores entre as trocas. Pessoas que suam muito durante a noite, seja por caracter\u00edsticas individuais ou pelo clima quente, precisam lavar os len\u00e7\u00f3is com maior frequ\u00eancia para evitar prolifera\u00e7\u00e3o acelerada de bact\u00e9rias. O mesmo vale para quem dorme sem roupa, pois o contato direto da pele com o tecido aumenta a transfer\u00eancia de oleosidade e c\u00e9lulas mortas.<\/p>\n<p>Situa\u00e7\u00f5es que pedem aten\u00e7\u00e3o redobrada:<\/p>\n<ul>\n<li><strong>Doen\u00e7as infecciosas:<\/strong> Durante gripes, resfriados ou outras infec\u00e7\u00f5es, o ideal \u00e9 trocar a roupa de cama a cada dois dias e lavar em temperatura elevada para eliminar v\u00edrus e bact\u00e9rias que podem reinfectar ou contaminar outros membros da fam\u00edlia.<\/li>\n<li><strong>Animais de estima\u00e7\u00e3o na cama:<\/strong> C\u00e3es e gatos trazem pelos, sujeira externa e seus pr\u00f3prios micro-organismos para os len\u00e7\u00f3is, exigindo lavagens mais frequentes para manter a higiene adequada.<\/li>\n<li><strong>Alergias respirat\u00f3rias:<\/strong> Quem sofre com rinite, asma ou outras condi\u00e7\u00f5es al\u00e9rgicas se beneficia enormemente de trocas a cada tr\u00eas ou quatro dias, reduzindo drasticamente a exposi\u00e7\u00e3o aos al\u00e9rgenos.<\/li>\n<li><strong>Recupera\u00e7\u00e3o p\u00f3s-cir\u00fargica:<\/strong> Pacientes em recupera\u00e7\u00e3o precisam de ambiente especialmente limpo para evitar infec\u00e7\u00f5es, o que inclui trocar os len\u00e7\u00f3is com frequ\u00eancia ainda maior que o habitual.<\/li>\n<\/ul>\n<p>Como lavar corretamente para garantir higiene completa?<\/p>\n<p>A temperatura da \u00e1gua faz toda diferen\u00e7a na elimina\u00e7\u00e3o de \u00e1caros, bact\u00e9rias e fungos que se acumulam nos tecidos. Sempre que o material permitir, lave a <strong>roupa de cama<\/strong> em ciclo completo a 60 graus Celsius, temperatura que elimina a grande maioria dos micro-organismos sem danificar a maioria dos tecidos de algod\u00e3o. Para pe\u00e7as delicadas que n\u00e3o suportam essa temperatura, use ao menos 40 graus e adicione produtos espec\u00edficos com a\u00e7\u00e3o antibacteriana.<\/p>\n<p>Al\u00e9m da lavagem adequada, outros cuidados potencializam a higiene do quarto. Abra as janelas diariamente para ventilar o ambiente e deixe a cama descoberta por pelo menos 30 minutos ap\u00f3s acordar, permitindo que a umidade do suor evapore completamente. Ter dois jogos de roupa facilita a rotina semanal, pois enquanto um est\u00e1 na lavagem o outro j\u00e1 pode ser colocado. Lave roupas de cama novas antes do primeiro uso para remover res\u00edduos qu\u00edmicos do processo industrial.<\/p>\n","protected":false},"excerpt":{"rendered":"Muita gente troca a roupa de cama apenas quando percebe algum cheiro ou sujeira vis\u00edvel, seguindo um intervalo&hellip;\n","protected":false},"author":2,"featured_media":202562,"comment_status":"","ping_status":"","sticky":false,"template":"","format":"standard","meta":{"footnotes":""},"categories":[86],"tags":[2019,116,15311,32,33,40245,117],"class_list":{"0":"post-202561","1":"post","2":"type-post","3":"status-publish","4":"format-standard","5":"has-post-thumbnail","7":"category-saude","8":"tag-casa","9":"tag-health","10":"tag-limpeza","11":"tag-portugal","12":"tag-pt","13":"tag-roupa-de-cama","14":"tag-saude"},"share_on_mastodon":{"url":"https:\/\/pubeurope.com\/@pt\/115782858433750447","error":""},"_links":{"self":[{"href":"https:\/\/www.europesays.com\/pt\/wp-json\/wp\/v2\/posts\/202561","targetHints":{"allow":["GET"]}}],"collection":[{"href":"https:\/\/www.europesays.com\/pt\/wp-json\/wp\/v2\/posts"}],"about":[{"href":"https:\/\/www.europesays.com\/pt\/wp-json\/wp\/v2\/types\/post"}],"author":[{"embeddable":true,"href":"https:\/\/www.europesays.com\/pt\/wp-json\/wp\/v2\/users\/2"}],"replies":[{"embeddable":true,"href":"https:\/\/www.europesays.com\/pt\/wp-json\/wp\/v2\/comments?post=202561"}],"version-history":[{"count":0,"href":"https:\/\/www.europesays.com\/pt\/wp-json\/wp\/v2\/posts\/202561\/revisions"}],"wp:featuredmedia":[{"embeddable":true,"href":"https:\/\/www.europesays.com\/pt\/wp-json\/wp\/v2\/media\/202562"}],"wp:attachment":[{"href":"https:\/\/www.europesays.com\/pt\/wp-json\/wp\/v2\/media?parent=202561"}],"wp:term":[{"taxonomy":"category","embeddable":true,"href":"https:\/\/www.europesays.com\/pt\/wp-json\/wp\/v2\/categories?post=202561"},{"taxonomy":"post_tag","embeddable":true,"href":"https:\/\/www.europesays.com\/pt\/wp-json\/wp\/v2\/tags?post=202561"}],"curies":[{"name":"wp","href":"https:\/\/api.w.org\/{rel}","templated":true}]}}