{"id":202567,"date":"2025-12-25T23:53:16","date_gmt":"2025-12-25T23:53:16","guid":{"rendered":"https:\/\/www.europesays.com\/pt\/202567\/"},"modified":"2025-12-25T23:53:16","modified_gmt":"2025-12-25T23:53:16","slug":"o-mundo-nao-acaba-hoje-deus-deu-mais-tempo-a-ebo-noah-gana","status":"publish","type":"post","link":"https:\/\/www.europesays.com\/pt\/202567\/","title":{"rendered":"O mundo n\u00e3o acaba hoje: Deus deu mais tempo a Ebo Noah | Gana"},"content":{"rendered":"<p>A previs\u00e3o era de que o mundo acabasse nesta quinta-feira, 25 de Dezembro, ap\u00f3s um dil\u00favio apocal\u00edptico, que durante tr\u00eas anos inundaria o planeta, destruindo-o. Por tr\u00e1s da mais recente profecia est\u00e1 o autoproclamado profeta gan\u00eas Ebo Noah, que nos \u00faltimos meses construiu cerca de 10 arcas para fazer frente \u00e0 cat\u00e1strofe que se aproximava.<\/p>\n<p>O fen\u00f3meno ganhou trac\u00e7\u00e3o nas redes sociais, e, entre curiosos e devotos, o profeta re\u00fane j\u00e1 milhares de seguidores em plataformas como o Instagram, o TikTok ou o Facebook. Por\u00e9m, as previs\u00f5es meteorol\u00f3gicas n\u00e3o parecem corroborar as confiss\u00f5es que Deus ter\u00e1 feito a Ebo Noah \u2014 na capital Acra, n\u00e3o h\u00e1 previs\u00e3o de chuva at\u00e9 ao final do ano, de acordo com a <a href=\"https:\/\/www.meteo.gov.gh\/\" rel=\"nofollow noopener\" target=\"_blank\">Ag\u00eancia Meteorol\u00f3gica do Gana<\/a>.<\/p>\n<p>Nesse sentido, o profeta veio j\u00e1 esclarecer que o grande dil\u00favio do dia de Natal foi adiado por \u201cinterven\u00e7\u00e3o divina\u201d, explicando que depois de ora\u00e7\u00f5es e rezas intensas, Deus permitiu que a destrui\u00e7\u00e3o do mundo fosse temporariamente embargada, de modo a que Noah tenha oportunidade de construir mais arcas para acomodar mais fi\u00e9is, nota o portal gan\u00eas <a href=\"https:\/\/www.ghanaweb.com\/GhanaHomePage\/NewsArchive\/Ebo-Noah-claims-God-allegedly-postponed-destruction-of-the-earth-by-water-2015207\" rel=\"nofollow noopener\" target=\"_blank\">GhanaWeb<\/a>.<\/p>\n<p>Em v\u00e1rios dos v\u00eddeos partilhados, que rapidamente se propagaram pelas redes sociais, Ebo Jesus, como j\u00e1 o apelidaram, aparece junto a v\u00e1rias arcas de madeira em constru\u00e7\u00e3o \u2014 cada uma dever\u00e1 abrigar cerca de 5 mil pessoas \u2014, alertando para os tr\u00eas anos de chuvas ininterruptas que destruir\u00e3o a Terra.<\/p>\n<p>Num dos exemplos, dispon\u00edvel na rede social X, \u00e9 poss\u00edvel ver uma multid\u00e3o, de malas \u00e0s costas, supostamente \u00e0 espera de uma oportunidade para entrar numa das arcas do profeta.<\/p>\n<p>Na B\u00edblia, Deus promete nunca mais destruir o mundo atrav\u00e9s de um dil\u00favio, tranquilizando No\u00e9. Do Antigo Testamento, a <a href=\"https:\/\/www.bibliaonline.com.br\/acf\/gn\/9\/11\" rel=\"nofollow noopener\" target=\"_blank\">passagem b\u00edblica<\/a> em quest\u00e3o diz o seguinte: \u201cE eu convosco estabele\u00e7o a minha alian\u00e7a, que n\u00e3o ser\u00e1 mais destru\u00edda toda a carne pelas \u00e1guas do dil\u00favio, e que n\u00e3o haver\u00e1 mais dil\u00favio para destruir a terra.\u201d<\/p>\n<p>Talvez nos sobrem duas hip\u00f3teses: ou Deus passou informa\u00e7\u00f5es erradas a Ebo Noah; ou estar\u00e1 prestes a quebrar a sua pr\u00f3pria promessa quanto a um segundo grande dil\u00favio.<\/p>\n","protected":false},"excerpt":{"rendered":"A previs\u00e3o era de que o mundo acabasse nesta quinta-feira, 25 de Dezembro, ap\u00f3s um dil\u00favio apocal\u00edptico, que&hellip;\n","protected":false},"author":2,"featured_media":202568,"comment_status":"","ping_status":"","sticky":false,"template":"","format":"standard","meta":{"footnotes":""},"categories":[10],"tags":[27,28,15,16,7016,14,708,4235,25,26,21,22,12,13,19,20,32,23,24,33,17,18,29,30,31],"class_list":{"0":"post-202567","1":"post","2":"type-post","3":"status-publish","4":"format-standard","5":"has-post-thumbnail","7":"category-portugal","8":"tag-breaking-news","9":"tag-breakingnews","10":"tag-featured-news","11":"tag-featurednews","12":"tag-gana","13":"tag-headlines","14":"tag-impar","15":"tag-insolito","16":"tag-latest-news","17":"tag-latestnews","18":"tag-main-news","19":"tag-mainnews","20":"tag-news","21":"tag-noticias","22":"tag-noticias-principais","23":"tag-noticiasprincipais","24":"tag-portugal","25":"tag-principais-noticias","26":"tag-principaisnoticias","27":"tag-pt","28":"tag-top-stories","29":"tag-topstories","30":"tag-ultimas","31":"tag-ultimas-noticias","32":"tag-ultimasnoticias"},"share_on_mastodon":{"url":"https:\/\/pubeurope.com\/@pt\/115782903702319673","error":""},"_links":{"self":[{"href":"https:\/\/www.europesays.com\/pt\/wp-json\/wp\/v2\/posts\/202567","targetHints":{"allow":["GET"]}}],"collection":[{"href":"https:\/\/www.europesays.com\/pt\/wp-json\/wp\/v2\/posts"}],"about":[{"href":"https:\/\/www.europesays.com\/pt\/wp-json\/wp\/v2\/types\/post"}],"author":[{"embeddable":true,"href":"https:\/\/www.europesays.com\/pt\/wp-json\/wp\/v2\/users\/2"}],"replies":[{"embeddable":true,"href":"https:\/\/www.europesays.com\/pt\/wp-json\/wp\/v2\/comments?post=202567"}],"version-history":[{"count":0,"href":"https:\/\/www.europesays.com\/pt\/wp-json\/wp\/v2\/posts\/202567\/revisions"}],"wp:featuredmedia":[{"embeddable":true,"href":"https:\/\/www.europesays.com\/pt\/wp-json\/wp\/v2\/media\/202568"}],"wp:attachment":[{"href":"https:\/\/www.europesays.com\/pt\/wp-json\/wp\/v2\/media?parent=202567"}],"wp:term":[{"taxonomy":"category","embeddable":true,"href":"https:\/\/www.europesays.com\/pt\/wp-json\/wp\/v2\/categories?post=202567"},{"taxonomy":"post_tag","embeddable":true,"href":"https:\/\/www.europesays.com\/pt\/wp-json\/wp\/v2\/tags?post=202567"}],"curies":[{"name":"wp","href":"https:\/\/api.w.org\/{rel}","templated":true}]}}