{"id":202593,"date":"2025-12-26T00:14:07","date_gmt":"2025-12-26T00:14:07","guid":{"rendered":"https:\/\/www.europesays.com\/pt\/202593\/"},"modified":"2025-12-26T00:14:07","modified_gmt":"2025-12-26T00:14:07","slug":"marvel-ofereceu-papel-de-motoqueiro-fantasma-a-robert-pattinson-diz-rumor","status":"publish","type":"post","link":"https:\/\/www.europesays.com\/pt\/202593\/","title":{"rendered":"Marvel ofereceu papel de Motoqueiro Fantasma a Robert Pattinson, diz rumor"},"content":{"rendered":"<p class=\"wp-block-yoast-seo-estimated-reading-time yoast-reading-time__wrapper\">Estimated reading time: 2 minutos<\/p>\n<p>No final do ano passado, surgiram informa\u00e7\u00f5es sobre uma suposta reuni\u00e3o do chefe da <a href=\"https:\/\/ovicio.com.br\/tag\/marvel-studios\" rel=\"nofollow noopener\" target=\"_blank\">Marvel Studios<\/a>, <strong>Kevin Feige<\/strong>, com o ator <strong>Robert Pattinson<\/strong> (Batman). Na \u00e9poca, n\u00e3o estava claro se o est\u00fadio tinha um papel em mente para Pattinson ou s\u00f3 queria manter contato.<\/p>\n<p>Pois parece que, sim, eles tinham um personagem reservado ao ator. De acordo com o sempre confi\u00e1vel insider <strong>Apocaliptic Horseman<\/strong>, do site <strong>Nexus Point News<\/strong>, a <strong>Marvel Studios<\/strong> teria oferecido o papel de <a href=\"https:\/\/ovicio.com.br\/tag\/motoqueiro-fantasma\" rel=\"nofollow noopener\" target=\"_blank\">Motoqueiro Fantasma<\/a> a Pattinson. No entanto, o ator de <strong>Batman<\/strong> teria recusado, pois as negocia\u00e7\u00f5es n\u00e3o avan\u00e7aram.<\/p>\n<p>Acredita-se que o <strong>Motoqueiro Fantasma<\/strong> do <strong>MCU<\/strong> ser\u00e1 introduzido em <strong>Vingadores: Doutor Destino<\/strong>. Ainda n\u00e3o est\u00e1 claro quem teria sido escalado para o papel.<\/p>\n<p>Leia tamb\u00e9m sobre Motoqueiro Fantasma:<\/p>\n<p><strong>Vingadores: Doutor Destino<\/strong> chegar\u00e1 aos cinemas em 18 de dezembro de 2026.<\/p>\n","protected":false},"excerpt":{"rendered":"Estimated reading time: 2 minutos No final do ano passado, surgiram informa\u00e7\u00f5es sobre uma suposta reuni\u00e3o do chefe&hellip;\n","protected":false},"author":2,"featured_media":202594,"comment_status":"","ping_status":"","sticky":false,"template":"","format":"standard","meta":{"footnotes":""},"categories":[140],"tags":[114,115,147,148,12733,40246,146,32,33,14908,6386,38893],"class_list":{"0":"post-202593","1":"post","2":"type-post","3":"status-publish","4":"format-standard","5":"has-post-thumbnail","7":"category-filmes","8":"tag-entertainment","9":"tag-entretenimento","10":"tag-film","11":"tag-filmes","12":"tag-marvel-studios","13":"tag-motoqueiro-fantasma","14":"tag-movies","15":"tag-portugal","16":"tag-pt","17":"tag-robert-pattinson","18":"tag-vingadores","19":"tag-vingadores-doutor-destino"},"share_on_mastodon":{"url":"https:\/\/pubeurope.com\/@pt\/115782987212922726","error":""},"_links":{"self":[{"href":"https:\/\/www.europesays.com\/pt\/wp-json\/wp\/v2\/posts\/202593","targetHints":{"allow":["GET"]}}],"collection":[{"href":"https:\/\/www.europesays.com\/pt\/wp-json\/wp\/v2\/posts"}],"about":[{"href":"https:\/\/www.europesays.com\/pt\/wp-json\/wp\/v2\/types\/post"}],"author":[{"embeddable":true,"href":"https:\/\/www.europesays.com\/pt\/wp-json\/wp\/v2\/users\/2"}],"replies":[{"embeddable":true,"href":"https:\/\/www.europesays.com\/pt\/wp-json\/wp\/v2\/comments?post=202593"}],"version-history":[{"count":0,"href":"https:\/\/www.europesays.com\/pt\/wp-json\/wp\/v2\/posts\/202593\/revisions"}],"wp:featuredmedia":[{"embeddable":true,"href":"https:\/\/www.europesays.com\/pt\/wp-json\/wp\/v2\/media\/202594"}],"wp:attachment":[{"href":"https:\/\/www.europesays.com\/pt\/wp-json\/wp\/v2\/media?parent=202593"}],"wp:term":[{"taxonomy":"category","embeddable":true,"href":"https:\/\/www.europesays.com\/pt\/wp-json\/wp\/v2\/categories?post=202593"},{"taxonomy":"post_tag","embeddable":true,"href":"https:\/\/www.europesays.com\/pt\/wp-json\/wp\/v2\/tags?post=202593"}],"curies":[{"name":"wp","href":"https:\/\/api.w.org\/{rel}","templated":true}]}}