{"id":202595,"date":"2025-12-26T00:15:27","date_gmt":"2025-12-26T00:15:27","guid":{"rendered":"https:\/\/www.europesays.com\/pt\/202595\/"},"modified":"2025-12-26T00:15:27","modified_gmt":"2025-12-26T00:15:27","slug":"faz-sentido-o-benfica-pensar-em-rafa-silva","status":"publish","type":"post","link":"https:\/\/www.europesays.com\/pt\/202595\/","title":{"rendered":"Faz sentido o Benfica pensar em Rafa Silva?"},"content":{"rendered":"<p>&#8211; Advertisement &#8211;<\/p>\n<p>Tem sido cada vez mais reportada not\u00edcias sobre o descontentamento de Rafa Silva no Besiktas. Desde problemas de foro psicol\u00f3gico at\u00e9 desentendimentos com o treinador, o extremo portugu\u00eas tem se tornado numa persona non grata dentro do clube turco.<\/p>\n<p>Com esses rumores a ganharem for\u00e7a, tamb\u00e9m o futuro do jogador tem sido cada vez mais abordado, sendo cada vez mais prov\u00e1vel que esse futuro possa passar por um regresso ao SL Benfica, clube onde Rafa jogou durante oito anos.<\/p>\n<p>A quest\u00e3o que se coloca \u00e9 se esse regresso faz sentido. \u00c9 da minha opini\u00e3o que este regresso s\u00f3 faria sentido para uma das partes\u2026 o Besiktas.<\/p>\n<p>O clube turco tem, \u201cem m\u00e3os\u201d, <a href=\"https:\/\/bolanarede.pt\/especial-bola-na-rede\/atualidade\/rafa-silva-integrou-o-ultimo-treino-do-besiktas-e-pode-estar-na-convocatoria-do-proximo-jogo-frente-ao-caykur-rizespor\/\" target=\"_blank\" rel=\"noreferrer noopener nofollow\">um problema grande com a situa\u00e7\u00e3o Rafa<\/a>. O jogador de 32 anos recebeu 8 milh\u00f5es de euros de pr\u00e9mio de assinatura e aufere cerca de 6 milh\u00f5es por ano, o que torna o jogador natural do Ribatejo numa situa\u00e7\u00e3o bastante cara para os cofres do clube.<\/p>\n<p><img fetchpriority=\"high\" decoding=\"async\" width=\"1024\" height=\"576\" src=\"data:image\/svg+xml,%3Csvg%20xmlns=\" http:=\"\" alt=\"Rafa Silva Besiktas\" class=\"wp-image-456491 ewww_webp_lazy_load\" data-lazy- data-lazy- data-lazy-src=\"https:\/\/www.europesays.com\/pt\/wp-content\/uploads\/2025\/12\/1766708126_499_Rafa-Silva-Besiktas-1-1024x576.jpg\" data-lazy-src-webp=\"https:\/\/www.europesays.com\/pt\/wp-content\/uploads\/2025\/12\/1766708126_499_Rafa-Silva-Besiktas-1-1024x576.jpg.webp\" data-lazy-srcset-webp=\"https:\/\/www.europesays.com\/pt\/wp-content\/uploads\/2025\/12\/1766708126_499_Rafa-Silva-Besiktas-1-1024x576.jpg.webp 1024w, https:\/\/binny-bolanarede.b-cdn.net\/wp-content\/uploads\/2025\/11\/Rafa-Silva-Besiktas-1-300x169.jpg.webp 300w, https:\/\/binny-bolanarede.b-cdn.net\/wp-content\/uploads\/2025\/11\/Rafa-Silva-Besiktas-1-768x432.jpg.webp 768w, https:\/\/binny-bolanarede.b-cdn.net\/wp-content\/uploads\/2025\/11\/Rafa-Silva-Besiktas-1-1536x864.jpg.webp 1536w, https:\/\/binny-bolanarede.b-cdn.net\/wp-content\/uploads\/2025\/11\/Rafa-Silva-Besiktas-1-150x84.jpg.webp 150w, https:\/\/binny-bolanarede.b-cdn.net\/wp-content\/uploads\/2025\/11\/Rafa-Silva-Besiktas-1-696x392.jpg.webp 696w, https:\/\/binny-bolanarede.b-cdn.net\/wp-content\/uploads\/2025\/11\/Rafa-Silva-Besiktas-1-1068x601.jpg.webp 1068w, https:\/\/binny-bolanarede.b-cdn.net\/wp-content\/uploads\/2025\/11\/Rafa-Silva-Besiktas-1.jpg.webp 1920w\"\/>Fonte: Besiktas JK<\/p>\n<p>A equipa de Istambul, que ocupa o 5.\u00ba lugar no campeonato da Turquia quer, certamente, libertar-se do \u201cproblema\u201d que afeta n\u00e3o s\u00f3 financeira como futebolisticamente o clube. Por isso, um regresso de Rafa ao Benfica seria a solu\u00e7\u00e3o perfeita para o Besiktas, que aparentemente estaria disposto a libertar o portugu\u00eas a troco de 15 milh\u00f5es de euros.<\/p>\n<p>No entanto, para o Benfica e para Rafa, penso que o regresso seria de longe a pior op\u00e7\u00e3o. O ciclo de Rafa no clube da Luz foi encerrado em 2024 por vontade do pr\u00f3prio, que recusou renovar contrato. Nem dois anos passados e parece que o portugu\u00eas j\u00e1 se ter\u00e1 arrependido dessa op\u00e7\u00e3o.<\/p>\n<p>O Benfica avan\u00e7ou e continuo a sua organiza\u00e7\u00e3o e planeamento, tendo contratado jovens como Schjelderup e Prestianni para as alas. Para a posi\u00e7\u00e3o de segundo avan\u00e7ado, a equipa de Mourinho parece ter encontrado solu\u00e7\u00f5es dentro do pr\u00f3prio clube, com jovens da forma\u00e7\u00e3o e com o refor\u00e7o Sudakov.<\/p>\n<p><img loading=\"lazy\" decoding=\"async\" width=\"1024\" height=\"683\" src=\"data:image\/svg+xml,%3Csvg%20xmlns=\" http:=\"\" alt=\"Rafa Silva Benfica\" class=\"wp-image-304642 ewww_webp_lazy_load\" data-lazy- data-lazy- data-lazy-src=\"https:\/\/www.europesays.com\/pt\/wp-content\/uploads\/2025\/12\/Rafa-Silva-2-1024x683.jpg\" data-lazy-src-webp=\"https:\/\/www.europesays.com\/pt\/wp-content\/uploads\/2025\/12\/Rafa-Silva-2-1024x683.jpg.webp\" data-lazy-srcset-webp=\"https:\/\/www.europesays.com\/pt\/wp-content\/uploads\/2025\/12\/Rafa-Silva-2-1024x683.jpg.webp 1024w, https:\/\/binny-bolanarede.b-cdn.net\/wp-content\/uploads\/2024\/05\/Rafa-Silva-2-300x200.jpg.webp 300w, https:\/\/binny-bolanarede.b-cdn.net\/wp-content\/uploads\/2024\/05\/Rafa-Silva-2-768x512.jpg.webp 768w, https:\/\/binny-bolanarede.b-cdn.net\/wp-content\/uploads\/2024\/05\/Rafa-Silva-2-150x100.jpg.webp 150w, https:\/\/binny-bolanarede.b-cdn.net\/wp-content\/uploads\/2024\/05\/Rafa-Silva-2-696x464.jpg.webp 696w, https:\/\/binny-bolanarede.b-cdn.net\/wp-content\/uploads\/2024\/05\/Rafa-Silva-2-1068x712.jpg.webp 1068w, https:\/\/binny-bolanarede.b-cdn.net\/wp-content\/uploads\/2024\/05\/Rafa-Silva-2.jpg.webp 1500w\"\/>Fonte: Carlos Silva \/ Bola na Rede<\/p>\n<p>Rafa, at\u00e9 poderia oferecer coisas interessantes ao Benfica, dando mais op\u00e7\u00f5es a Mourinho, que certamente iram trazer qualidade garantida. O problema \u00e9 se Rafa estaria disposto a sofrer uma grande quebra salarial, visto os 6 milh\u00f5es pagos pelo Besiktas serem impratic\u00e1veis para o Benfica. Al\u00e9m disso, Rafa tamb\u00e9m iria ter de se ajustar a um papel menos \u201cprotagonista\u201d dentro no 11 encarnado.<\/p>\n<p>No Benfica, n\u00e3o \u00e9 comum os regressos funcionarem. Sejam treinadores ou jogadores, \u00e9 raro o caso em que o ditado \u201cn\u00e3o voltes ao lugar onde foste feliz\u201d n\u00e3o se torne factual.<\/p>\n","protected":false},"excerpt":{"rendered":"&#8211; Advertisement &#8211; Tem sido cada vez mais reportada not\u00edcias sobre o descontentamento de Rafa Silva no Besiktas.&hellip;\n","protected":false},"author":2,"featured_media":202596,"comment_status":"","ping_status":"","sticky":false,"template":"","format":"standard","meta":{"footnotes":""},"categories":[87],"tags":[51,437,135,1385,32,33,21749,134],"class_list":{"0":"post-202595","1":"post","2":"type-post","3":"status-publish","4":"format-standard","5":"has-post-thumbnail","7":"category-desporto","8":"tag-benfica","9":"tag-besiktas","10":"tag-desporto","11":"tag-jose-mourinho","12":"tag-portugal","13":"tag-pt","14":"tag-rafa-silva","15":"tag-sports"},"share_on_mastodon":{"url":"https:\/\/pubeurope.com\/@pt\/115782990134109935","error":""},"_links":{"self":[{"href":"https:\/\/www.europesays.com\/pt\/wp-json\/wp\/v2\/posts\/202595","targetHints":{"allow":["GET"]}}],"collection":[{"href":"https:\/\/www.europesays.com\/pt\/wp-json\/wp\/v2\/posts"}],"about":[{"href":"https:\/\/www.europesays.com\/pt\/wp-json\/wp\/v2\/types\/post"}],"author":[{"embeddable":true,"href":"https:\/\/www.europesays.com\/pt\/wp-json\/wp\/v2\/users\/2"}],"replies":[{"embeddable":true,"href":"https:\/\/www.europesays.com\/pt\/wp-json\/wp\/v2\/comments?post=202595"}],"version-history":[{"count":0,"href":"https:\/\/www.europesays.com\/pt\/wp-json\/wp\/v2\/posts\/202595\/revisions"}],"wp:featuredmedia":[{"embeddable":true,"href":"https:\/\/www.europesays.com\/pt\/wp-json\/wp\/v2\/media\/202596"}],"wp:attachment":[{"href":"https:\/\/www.europesays.com\/pt\/wp-json\/wp\/v2\/media?parent=202595"}],"wp:term":[{"taxonomy":"category","embeddable":true,"href":"https:\/\/www.europesays.com\/pt\/wp-json\/wp\/v2\/categories?post=202595"},{"taxonomy":"post_tag","embeddable":true,"href":"https:\/\/www.europesays.com\/pt\/wp-json\/wp\/v2\/tags?post=202595"}],"curies":[{"name":"wp","href":"https:\/\/api.w.org\/{rel}","templated":true}]}}