{"id":202603,"date":"2025-12-26T00:20:08","date_gmt":"2025-12-26T00:20:08","guid":{"rendered":"https:\/\/www.europesays.com\/pt\/202603\/"},"modified":"2025-12-26T00:20:08","modified_gmt":"2025-12-26T00:20:08","slug":"um-dos-cinco-europeus-proibidos-de-entrar-nos-eua-contra-ataca-na-justica-jornal-de-noticias","status":"publish","type":"post","link":"https:\/\/www.europesays.com\/pt\/202603\/","title":{"rendered":"Um dos cinco europeus proibidos de entrar nos EUA contra-ataca na Justi\u00e7a &#8211; Jornal de Not\u00edcias"},"content":{"rendered":"<ol>\n<li><a href=\"https:\/\/news.google.com\/rss\/articles\/CBMiswFBVV95cUxQLVBKQ0tIcXNjZGNfd054WUk0SGVLSjAzT1hfV0sxV1NONUlRN1JtU2EyWHNaYkxiZDlIRGtZeUVuQm1uT3kxc3ZJV0I1SGpPTHpZakE4SUJSRXFjbV9RUXE4eDZvS2lqTEVsZC12RDVydXVkQlp5Zy1sRHk4bUo0a2ZtN2tkcTV5SWM3X3dNZUNzWVlEUmZQZUh1TllCSEJEcEIzMk9QalphenVwQnlydmo2c9IBpwFBVV95cUxQSEQ2RWFUVktvLWpkdWR6RDdxMFVCR2lFVDE5eGlyN3lmdUdMbS1XWGlHbjdORlBUTk91dWFsQ2M5d3NqTk5tS1l0Mm1wb0lMVVNUV1BkM0UtdEZfeXB4WDlfODhTYXVyQW5lLUgwR3BpcktWclFLY0tMNlhNRXl1eC1TSnJfYms3RHBrSDFETXdwZ0RtYjY5SGt0NFBKTE03eWExWXFMYw?oc=5\" target=\"_blank\" rel=\"nofollow noopener\">Um dos cinco europeus proibidos de entrar nos EUA contra-ataca na Justi\u00e7a<\/a>&nbsp;&nbsp;Jornal de Not\u00edcias<\/li>\n<li><a href=\"https:\/\/news.google.com\/rss\/articles\/CBMi1AFBVV95cUxQTFVqZHF4ZFdlSXlsMWNSckx4cDVsa1QyUTEwV2RZVzA0X0d4dVM5d241RElHN3k4MmlES3lkcVRNbXJVY1ZxYVJ0NDNsY3RuRUZvNUkySy01ZFJBU0daOVFCX1B0MTJweDNRTUlNVUZwNzc3Zk9KTl9uMlpIc1FRcDQ0VXRtRlVNNXBLRzJHdUg5Q1lyMl9Rd2VRMWwtWk55MkNraTZKUG9SczhGWHdyc2RxUWtjcHNKeU00TGVBMFJnLXl6cG4yeWVrRmpPdERRRDFNWA?oc=5\" target=\"_blank\" rel=\"nofollow noopener\">UE, Fran\u00e7a e Alemanha criticam proibi\u00e7\u00f5es dos EUA a vistos de ativistas<\/a>&nbsp;&nbsp;UOL Not\u00edcias<\/li>\n<li><a href=\"https:\/\/news.google.com\/rss\/articles\/CBMi2wFBVV95cUxQcHZ3WUY2UFpveU5kcmpnQkVGQ0NEcVRrOVM1aGZzd0hqUDU2MVE1d0pQOEtDTFZjX0ZMdVZhcEhmcnhiRlV0UFJST1JXMHh1T1pSNG1lTWM2QzdyWjZGeHVoUDNtcVM2NHFuejl3UUoyclJfUk5JeEZrdEtpcU5OZkZDMFJ3ajdFaTNXUk5GM2VUd2pnaHhwVm5mamlKSVRKd3hjdHJKMWZROFhYWG5MZkFEak9LM3ZJSllqMEd1WnctRnNGeC0xTmlFa19ULW5aMkRCUlVQNjM4cmvSAeoBQVVfeXFMT1ljN3piVXpiaDdUbDRHVk5fLVpJOUp5QTBxbjhTUmM5TC1LWE8tZFEyemRzMlZUUXVJTnVrOGJRblpMU3BLTHdCOS1wYXRoak5ldkpCaHY3RDVYMmFycmpOY0Y4UTVWbUdybEYtX2VnMURGeGo3YTJHNFVBVldSV2RZNEcyZnl3ZGtSTmN5U09IbUgyMGsxeWJYMXFXc3NoSWd4Sm5OS09NQTJOdjVJcjVacXNKcXNOUF82VzBYODc5TUNhQ2ZzOFpXdm1KZnkxWGdsa2FLV1lBU2VEaDlmU052djFiQmtiemt3?oc=5\" target=\"_blank\" rel=\"nofollow noopener\">UE alerta para poss\u00edveis medidas ap\u00f3s EUA proibirem entrada de europeus acusados de censura<\/a>&nbsp;&nbsp;G1<\/li>\n<li><a href=\"https:\/\/news.google.com\/rss\/articles\/CBMiuAFBVV95cUxQNzN3TEd5Z1g2cFZaSm4tS2swSzhqRllvcDJfUFBScE9YMXBKTVRaODVrTFR2TXRyMkw0M3VkMUJhZEthQkpnUHI5b0lEYVFVUDhjODJsNk5Kd1BpV25ZU2swa00wbVBSMk1VODJCN2Vqc01UTTA4dDhZNHRiRlpLQ1VSc0JnYUJZeVl6UWhLYUhUaXMxZUttcVBUNDg0bU1CZkpBa1lhN2ZMYXRyMTdhM09VNDRHNVFo?oc=5\" target=\"_blank\" rel=\"nofollow noopener\">UE repudia san\u00e7\u00e3o dos EUA a personalidades europeias por regula\u00e7\u00e3o tecnol\u00f3gica<\/a>&nbsp;&nbsp;CartaCapital<\/li>\n<li><a href=\"https:\/\/news.google.com\/rss\/articles\/CBMitAFBVV95cUxQODlNTUo3cFd3N0ZLZENoNWI0ZEdmYk00eERZakJac1NDckZJbDk2THUtcEdxdlE3dmo1bERwQXdFc0VxdENpUl9WVTd6VEM5TUg3VzAwNzFzeTlzX2dad0lUdUxrR2VtbHRicnk3RFB4ekJFbERNcTJfZ1E0SmxKUm1oVU13X09jWkcwQ2hMQkhRTS1FRnRuTGRjUkk0S2VjU1RZUURsckpwQzljSVFxWGtEVmzSAbgBQVVfeXFMT2VtRUFfc3B2MGJrLTFVSk1GTS11Zmd0a290bFg4X1JoZmZ4RWh0Sy0xX0FWRktHS3JoVDJsaWJKZ2QyN3RRNWx6VDFKWjJWMm5PSFVpTkhRVWphWEVzejdpczVPbXU4RXgyNFBpT0ZCUk10aWUyY1A2SzRSX1EtWWM3RG13b0FEQ1N2WWpoWTRac3NYQWk3UlJUZGd0Ylh4anRzTVkwb0VjUURLdXNka0RkZXVPa3gxbw?oc=5\" target=\"_blank\" rel=\"nofollow noopener\">Um dos cinco europeus sancionados pelos EUA contra-ataca nos tribunais<\/a>&nbsp;&nbsp;Folha PE<\/li>\n<\/ol>\n","protected":false},"excerpt":{"rendered":"Um dos cinco europeus proibidos de entrar nos EUA contra-ataca na Justi\u00e7a&nbsp;&nbsp;Jornal de Not\u00edcias UE, Fran\u00e7a e Alemanha&hellip;\n","protected":false},"author":2,"featured_media":202604,"comment_status":"","ping_status":"","sticky":false,"template":"","format":"standard","meta":{"footnotes":""},"categories":[50],"tags":[27,28,413,445,15,16,14,25,26,21,22,62,12,13,19,20,23,24,17,18,29,30,31,63,64,65],"class_list":{"0":"post-202603","1":"post","2":"type-post","3":"status-publish","4":"format-standard","5":"has-post-thumbnail","7":"category-mundo","8":"tag-breaking-news","9":"tag-breakingnews","10":"tag-eua","11":"tag-europa","12":"tag-featured-news","13":"tag-featurednews","14":"tag-headlines","15":"tag-latest-news","16":"tag-latestnews","17":"tag-main-news","18":"tag-mainnews","19":"tag-mundo","20":"tag-news","21":"tag-noticias","22":"tag-noticias-principais","23":"tag-noticiasprincipais","24":"tag-principais-noticias","25":"tag-principaisnoticias","26":"tag-top-stories","27":"tag-topstories","28":"tag-ultimas","29":"tag-ultimas-noticias","30":"tag-ultimasnoticias","31":"tag-world","32":"tag-world-news","33":"tag-worldnews"},"share_on_mastodon":{"url":"","error":""},"_links":{"self":[{"href":"https:\/\/www.europesays.com\/pt\/wp-json\/wp\/v2\/posts\/202603","targetHints":{"allow":["GET"]}}],"collection":[{"href":"https:\/\/www.europesays.com\/pt\/wp-json\/wp\/v2\/posts"}],"about":[{"href":"https:\/\/www.europesays.com\/pt\/wp-json\/wp\/v2\/types\/post"}],"author":[{"embeddable":true,"href":"https:\/\/www.europesays.com\/pt\/wp-json\/wp\/v2\/users\/2"}],"replies":[{"embeddable":true,"href":"https:\/\/www.europesays.com\/pt\/wp-json\/wp\/v2\/comments?post=202603"}],"version-history":[{"count":0,"href":"https:\/\/www.europesays.com\/pt\/wp-json\/wp\/v2\/posts\/202603\/revisions"}],"wp:featuredmedia":[{"embeddable":true,"href":"https:\/\/www.europesays.com\/pt\/wp-json\/wp\/v2\/media\/202604"}],"wp:attachment":[{"href":"https:\/\/www.europesays.com\/pt\/wp-json\/wp\/v2\/media?parent=202603"}],"wp:term":[{"taxonomy":"category","embeddable":true,"href":"https:\/\/www.europesays.com\/pt\/wp-json\/wp\/v2\/categories?post=202603"},{"taxonomy":"post_tag","embeddable":true,"href":"https:\/\/www.europesays.com\/pt\/wp-json\/wp\/v2\/tags?post=202603"}],"curies":[{"name":"wp","href":"https:\/\/api.w.org\/{rel}","templated":true}]}}