{"id":202605,"date":"2025-12-26T00:21:08","date_gmt":"2025-12-26T00:21:08","guid":{"rendered":"https:\/\/www.europesays.com\/pt\/202605\/"},"modified":"2025-12-26T00:21:08","modified_gmt":"2025-12-26T00:21:08","slug":"afonso-foi-o-bebe-natal-do-hospital-de-s-joao","status":"publish","type":"post","link":"https:\/\/www.europesays.com\/pt\/202605\/","title":{"rendered":"Afonso foi o beb\u00e9 Natal do Hospital de S. Jo\u00e3o"},"content":{"rendered":"<p data-remotead-prev-elm=\"true\" data-remotead-elm-id=\"inread\">Pelas 6.31 horas, o menino nasceu de parto normal, com 3,755 kg e 51 cm.<\/p>\n<p>Afonso \u00e9 o segundo filho de um casal de Pa\u00e7os de Ferreira e chegou num dia simb\u00f3lico, tornando-se um verdadeiro presente de Natal para a fam\u00edlia e para a equipa que o acolheu.<\/p>\n<p>&#8220;\u00c9 uma alegria para os pais, mas tamb\u00e9m para n\u00f3s, profissionais&#8221;, sublinha Elsa Calado, diretora do Servi\u00e7o de Urg\u00eancia de Obstetr\u00edcia e Ginecologia.<\/p>\n","protected":false},"excerpt":{"rendered":"Pelas 6.31 horas, o menino nasceu de parto normal, com 3,755 kg e 51 cm. Afonso \u00e9 o&hellip;\n","protected":false},"author":2,"featured_media":202606,"comment_status":"","ping_status":"","sticky":false,"template":"","format":"standard","meta":{"footnotes":""},"categories":[10],"tags":[27,28,20018,15,16,14,20905,25,26,21,22,4897,39901,12,13,19,20,32,23,24,33,17,18,29,30,31],"class_list":{"0":"post-202605","1":"post","2":"type-post","3":"status-publish","4":"format-standard","5":"has-post-thumbnail","7":"category-portugal","8":"tag-breaking-news","9":"tag-breakingnews","10":"tag-concelho-porto","11":"tag-featured-news","12":"tag-featurednews","13":"tag-headlines","14":"tag-hospital-de-s-joao","15":"tag-latest-news","16":"tag-latestnews","17":"tag-main-news","18":"tag-mainnews","19":"tag-nascimento","20":"tag-natal-e-ano-novo","21":"tag-news","22":"tag-noticias","23":"tag-noticias-principais","24":"tag-noticiasprincipais","25":"tag-portugal","26":"tag-principais-noticias","27":"tag-principaisnoticias","28":"tag-pt","29":"tag-top-stories","30":"tag-topstories","31":"tag-ultimas","32":"tag-ultimas-noticias","33":"tag-ultimasnoticias"},"share_on_mastodon":{"url":"https:\/\/pubeurope.com\/@pt\/115783013813693503","error":""},"_links":{"self":[{"href":"https:\/\/www.europesays.com\/pt\/wp-json\/wp\/v2\/posts\/202605","targetHints":{"allow":["GET"]}}],"collection":[{"href":"https:\/\/www.europesays.com\/pt\/wp-json\/wp\/v2\/posts"}],"about":[{"href":"https:\/\/www.europesays.com\/pt\/wp-json\/wp\/v2\/types\/post"}],"author":[{"embeddable":true,"href":"https:\/\/www.europesays.com\/pt\/wp-json\/wp\/v2\/users\/2"}],"replies":[{"embeddable":true,"href":"https:\/\/www.europesays.com\/pt\/wp-json\/wp\/v2\/comments?post=202605"}],"version-history":[{"count":0,"href":"https:\/\/www.europesays.com\/pt\/wp-json\/wp\/v2\/posts\/202605\/revisions"}],"wp:featuredmedia":[{"embeddable":true,"href":"https:\/\/www.europesays.com\/pt\/wp-json\/wp\/v2\/media\/202606"}],"wp:attachment":[{"href":"https:\/\/www.europesays.com\/pt\/wp-json\/wp\/v2\/media?parent=202605"}],"wp:term":[{"taxonomy":"category","embeddable":true,"href":"https:\/\/www.europesays.com\/pt\/wp-json\/wp\/v2\/categories?post=202605"},{"taxonomy":"post_tag","embeddable":true,"href":"https:\/\/www.europesays.com\/pt\/wp-json\/wp\/v2\/tags?post=202605"}],"curies":[{"name":"wp","href":"https:\/\/api.w.org\/{rel}","templated":true}]}}