{"id":202613,"date":"2025-12-26T00:28:11","date_gmt":"2025-12-26T00:28:11","guid":{"rendered":"https:\/\/www.europesays.com\/pt\/202613\/"},"modified":"2025-12-26T00:28:11","modified_gmt":"2025-12-26T00:28:11","slug":"5-atores-que-podem-interpretar-o-coringa-do-dcu","status":"publish","type":"post","link":"https:\/\/www.europesays.com\/pt\/202613\/","title":{"rendered":"5 atores que podem interpretar o Coringa do DCU"},"content":{"rendered":"<p class=\"wp-block-yoast-seo-estimated-reading-time yoast-reading-time__wrapper\">Estimated reading time: 4 minutos<\/p>\n<p>Co-CEO da <strong>DC Studios<\/strong>, <strong>James Gunn<\/strong> continua trabalhando em <strong>Bravos &amp; Destemidos<\/strong>, longa-metragem que apresentar\u00e1 a pr\u00f3xima itera\u00e7\u00e3o do <a href=\"https:\/\/ovicio.com.br\/tag\/batman\/\" rel=\"nofollow noopener\" target=\"_blank\">Batman<\/a>. O cineasta n\u00e3o quer entregar um produto de &#8220;qualidade duvidosa&#8221;, sendo essa a justificativa pela demora na entrega do roteiro.<\/p>\n<p>Originalmente, a ideia era mostrar Bruce Wayne lidando com a chegada de Damian Wayne.<\/p>\n<p>Mas, especula\u00e7\u00f5es sugerem que os planos mudaram, e o filho do her\u00f3i teria sido completamente removido da narrativa.<\/p>\n<p>De qualquer forma, a escolha do vil\u00e3o tamb\u00e9m \u00e9 uma pauta importante, e ainda que o Coringa fique &#8220;descansando&#8221; por enquanto, sua apari\u00e7\u00e3o no futuro pode ser colocada como <strong>inevit\u00e1vel<\/strong>.<\/p>\n<p>Abaixo, segue uma lista de <strong>cinco nomes<\/strong> interessantes que podem dar vida ao vil\u00e3o.<\/p>\n<p>Bill Skarsg\u00e5rd<img fetchpriority=\"high\" decoding=\"async\" width=\"1024\" height=\"576\" src=\"https:\/\/www.europesays.com\/pt\/wp-content\/uploads\/2025\/12\/20251218-ovicio-pennywise-coisa-ep-1024x576.jpg\" alt=\"Audi\u00eancia de IT\" class=\"lazyload wp-image-876447\"  data-\/>Reprodu\u00e7\u00e3o\/HBO Max<\/p>\n<p>Ok, ok&#8230; pode comentar que seria muito \u00f3bvio e um nome pouco criativo, mas a realidade \u00e9 que, ap\u00f3s interpretar <strong>Pennywise<\/strong> na franquia de <strong>IT: A Coisa<\/strong> (incluindo a s\u00e9rie <strong>Bem-Vindos \u00e0 Derry<\/strong>, da <strong>HBO<\/strong>), Skarsg\u00e5rd se consolidou como um dos principais atores de terror dos \u00faltimos anos.<\/p>\n<p>O ator tamb\u00e9m teve pap\u00e9is de destaque em <strong>John Wick 4: Baba Yaga<\/strong>, <strong>Noites Brutais<\/strong> e <strong>Nosferatu<\/strong>.<\/p>\n<p>Josh O&#8217;Connor<img loading=\"lazy\" decoding=\"async\" width=\"1024\" height=\"576\" src=\"https:\/\/www.europesays.com\/pt\/wp-content\/uploads\/2025\/12\/20250125-image-13-1024x576.png\" alt=\"Josh O\u2019Connor brinca com rumores sobre James Bond\" class=\"lazyload wp-image-700756\"  data-\/><\/p>\n<p>O ator brit\u00e2nico ganhou proje\u00e7\u00e3o mundial ao interpretar Pr\u00edncipe Charles em <strong>The Crown<\/strong>, s\u00e9rie da <strong>Netflix<\/strong> que lhe rendeu um <strong>Emmy<\/strong>. Desde ent\u00e3o, acumulou elogios em filmes como <strong>Rivais<\/strong> e o recente<strong> Vivo ou Morto: Um Mist\u00e9rio Knives Out<\/strong>.<\/p>\n<p>Kieran Culkin<img loading=\"lazy\" decoding=\"async\" width=\"1024\" height=\"576\" src=\"https:\/\/www.europesays.com\/pt\/wp-content\/uploads\/2025\/12\/20251221-kieran-culkin-nao-viu-o-final-de-the-succession-1024x576.webp.webp\" alt=\"Kieran Culkin em Succession\" class=\"lazyload wp-image-878106\"  data-\/>Reprodu\u00e7\u00e3o: HBO<\/p>\n<p>Kieran viveu durante anos \u00e0 sombra do irm\u00e3o, <strong>Macaulay\u00a0Culkin<\/strong>, mas construiu uma carreira respeit\u00e1vel na televis\u00e3o norte-americana. Mas, a explos\u00e3o do prest\u00edgio aconteceu ao interpretar Roman Roy em <strong>Succession<\/strong>, da <strong>HBO<\/strong>, onde venceu um <strong>Emmy<\/strong>.<\/p>\n<p>O ator recebeu elogios pela combina\u00e7\u00e3o de humor \u00e1cido, crueldade emocional, infantilidade e instabilidade psicol\u00f3gica.<\/p>\n<p>E n\u00e3o podemos esquecer: venceu um Oscar por seu trabalho em<strong> A Verdadeira Dor<\/strong>.<\/p>\n<p>Caleb Landry Jones<img loading=\"lazy\" decoding=\"async\" width=\"1381\" height=\"675\" src=\"https:\/\/www.europesays.com\/pt\/wp-content\/uploads\/2025\/12\/20251221-ovicio-caleb-landry.jpg\" alt=\"\" class=\"lazyload wp-image-878209\"  data-\/>Reprodu\u00e7\u00e3o\/Universal Pictures<\/p>\n<p>Caleb Landry Jones venceu o pr\u00eamio de <strong>Melhor Ator<\/strong> em Cannes por <strong>Nitram<\/strong> (2021), onde deu vida ao personagem principal, com uma performance descrita como &#8220;<strong>crua e desconfort\u00e1vel<\/strong>&#8221; pela cr\u00edtica internacional.<\/p>\n<p>O ator tamb\u00e9m se destacou no aclamado <strong>Corra!<\/strong>, de <strong>Jordan Peele<\/strong>, novamente em um papel inquietante, e fica a curiosidade: n\u00e3o seria sua primeira experi\u00eancia no universo dos super-her\u00f3is.<\/p>\n<p>Para quem n\u00e3o sabe, Jones apareceu como Banshee em <strong>X-Men: Primeira Classe<\/strong>.<\/p>\n<p>Jamie Campbell Bower<img loading=\"lazy\" decoding=\"async\" width=\"1024\" height=\"512\" src=\"https:\/\/www.europesays.com\/pt\/wp-content\/uploads\/2025\/12\/20220905-fb3om_lxeaeoktg-1-1024x512.jpg\" alt=\"Jamie Campbell Bower em Harry Potter\" class=\"lazyload wp-image-452389\"  data-\/>Reprodu\u00e7\u00e3o\/Warner<\/p>\n<p>Jamie Campbell Bower saiu da fase de &#8220;gal\u00e3 g\u00f3tico&#8221; para um nome respeitado de terror. O grande reconhecimento veio ao interpretar Henry Creel, ou simplesmente Vecna, na s\u00e9rie <strong>Stranger Things<\/strong>.<\/p>\n<p>Outros cr\u00e9ditos importantes da sua carreira s\u00e3o <strong>Sweeney Todd: O Barbeiro Demon\u00edaco da Rua Fleet<\/strong> e <strong>Animais Fant\u00e1sticos: Os Crimes de Grindelwald<\/strong>.<\/p>\n<p>Leia mais sobre o Coringa:<\/p>\n","protected":false},"excerpt":{"rendered":"Estimated reading time: 4 minutos Co-CEO da DC Studios, James Gunn continua trabalhando em Bravos &amp; Destemidos, longa-metragem&hellip;\n","protected":false},"author":2,"featured_media":202614,"comment_status":"","ping_status":"","sticky":false,"template":"","format":"standard","meta":{"footnotes":""},"categories":[140],"tags":[1948,12962,2945,7319,114,115,147,148,146,32,33],"class_list":{"0":"post-202613","1":"post","2":"type-post","3":"status-publish","4":"format-standard","5":"has-post-thumbnail","7":"category-filmes","8":"tag-batman","9":"tag-coringa","10":"tag-dc","11":"tag-dc-studios","12":"tag-entertainment","13":"tag-entretenimento","14":"tag-film","15":"tag-filmes","16":"tag-movies","17":"tag-portugal","18":"tag-pt"},"share_on_mastodon":{"url":"https:\/\/pubeurope.com\/@pt\/115783042340874749","error":""},"_links":{"self":[{"href":"https:\/\/www.europesays.com\/pt\/wp-json\/wp\/v2\/posts\/202613","targetHints":{"allow":["GET"]}}],"collection":[{"href":"https:\/\/www.europesays.com\/pt\/wp-json\/wp\/v2\/posts"}],"about":[{"href":"https:\/\/www.europesays.com\/pt\/wp-json\/wp\/v2\/types\/post"}],"author":[{"embeddable":true,"href":"https:\/\/www.europesays.com\/pt\/wp-json\/wp\/v2\/users\/2"}],"replies":[{"embeddable":true,"href":"https:\/\/www.europesays.com\/pt\/wp-json\/wp\/v2\/comments?post=202613"}],"version-history":[{"count":0,"href":"https:\/\/www.europesays.com\/pt\/wp-json\/wp\/v2\/posts\/202613\/revisions"}],"wp:featuredmedia":[{"embeddable":true,"href":"https:\/\/www.europesays.com\/pt\/wp-json\/wp\/v2\/media\/202614"}],"wp:attachment":[{"href":"https:\/\/www.europesays.com\/pt\/wp-json\/wp\/v2\/media?parent=202613"}],"wp:term":[{"taxonomy":"category","embeddable":true,"href":"https:\/\/www.europesays.com\/pt\/wp-json\/wp\/v2\/categories?post=202613"},{"taxonomy":"post_tag","embeddable":true,"href":"https:\/\/www.europesays.com\/pt\/wp-json\/wp\/v2\/tags?post=202613"}],"curies":[{"name":"wp","href":"https:\/\/api.w.org\/{rel}","templated":true}]}}