{"id":202627,"date":"2025-12-26T00:38:57","date_gmt":"2025-12-26T00:38:57","guid":{"rendered":"https:\/\/www.europesays.com\/pt\/202627\/"},"modified":"2025-12-26T00:38:57","modified_gmt":"2025-12-26T00:38:57","slug":"leonardo-ganha-galinha-viva-e-sacola-de-pequis-no-natal-%f0%9f%90%93-r7-entretenimento","status":"publish","type":"post","link":"https:\/\/www.europesays.com\/pt\/202627\/","title":{"rendered":"Leonardo ganha galinha viva e sacola de pequis no Natal \ud83d\udc13 \u2013 R7 Entretenimento"},"content":{"rendered":"<p><img decoding=\"async\" data-chromatic=\"ignore\" alt=\"\" class=\"c-image\" loading=\"lazy\" src=\"https:\/\/www.europesays.com\/pt\/wp-content\/uploads\/2025\/12\/ZISWYNDEBVEVTHEQWGJU3RFFGA.jpg\"  width=\"1920\" height=\"1080\"\/>Leonardo se divertiu ao ganhar galinha viva de Natal Reprodu\u00e7\u00e3o\/Instagram\/@leonardo <\/p>\n<p class=\"jarvics:base-text-neutral-high-400 base-text-[calc(theme(fontSize.xs)_*_var(--font-size,_1))] base-font-normal base-font-primary base-text-neutral-low-500 base-text-left\">O <a href=\"https:\/\/www.r7.com\/tudo-sobre\/natal\/\" target=\"_blank\" rel=\"noreferrer nofollow noopener\" title=\"https:\/\/www.r7.com\/tudo-sobre\/natal\/\"><b>Natal<\/b><\/a><b> <\/b>da fam\u00edlia de <a href=\"https:\/\/www.r7.com\/tudo-sobre\/leonardo\/\" target=\"_blank\" rel=\"noreferrer nofollow noopener\" title=\"https:\/\/www.r7.com\/tudo-sobre\/leonardo\/\"><b>Leonardo<\/b><\/a>, em Goi\u00e2nia, teve presentes para l\u00e1 de curiosos&#8230; \ud83d\ude02<\/p>\n<p class=\"jarvics:base-text-neutral-high-400 base-text-[calc(theme(fontSize.xs)_*_var(--font-size,_1))] base-font-normal base-font-primary base-text-neutral-low-500 base-text-left\">O cantor ganhou uma galinha e uma sacola cheia de pequis do \u201cinfluenciador\u201d<b> Odorico Reis<\/b>, e a rea\u00e7\u00e3o dele n\u00e3o podia ser outra: bom humor total! <\/p>\n<p class=\"jarvics:base-text-neutral-high-400 base-text-[calc(theme(fontSize.xs)_*_var(--font-size,_1))] base-font-normal base-font-primary base-text-neutral-low-500 base-text-left\">O momento foi registrado em v\u00eddeo por Jo\u00e3o Victor Coc\u00e1, amigo de <b>Z\u00e9 Felipe<\/b>, e mostra Leonardo segurando a galinha de ponta cabe\u00e7a pelas pernas em uma m\u00e3o e a sacola de pequis na outra, enquanto abra\u00e7a Odorico. \ud83d\udc13<\/p>\n<p class=\"jarvics:base-text-neutral-high-400 base-text-[calc(theme(fontSize.xs)_*_var(--font-size,_1))] base-font-normal base-font-primary base-text-neutral-low-500 base-text-left\">E n\u00e3o parou por a\u00ed! As filhas de Z\u00e9 Felipe e <b>Virginia<\/b>, Maria Alice e Maria Flor, aparecem nas imagens no ch\u00e3o, fazendo carinho na galinha. <\/p>\n<p class=\"jarvics:base-text-neutral-high-400 base-text-[calc(theme(fontSize.xs)_*_var(--font-size,_1))] base-font-normal base-font-primary base-text-neutral-low-500 base-text-left\">At\u00e9 <b>Ana Castela <\/b>entrou na brincadeira e pegou o bicho no colo: \u201cDecidi cuidar, vou soltar aqui na festa porque ela \u00e9 convidada\u201d, brincou a boiadeira.<\/p>\n<p class=\"jarvics:base-text-neutral-high-400 base-text-[calc(theme(fontSize.xs)_*_var(--font-size,_1))] base-font-normal base-font-primary base-text-neutral-low-500 base-text-left\">Al\u00e9m da galinha e dos pequis, Leonardo tamb\u00e9m ganhou uma toalha e um rel\u00f3gio em um bingo feito durante a ceia da fam\u00edlia. <\/p>\n<p class=\"jarvics:base-text-neutral-high-400 base-text-[calc(theme(fontSize.xs)_*_var(--font-size,_1))] base-font-normal base-font-primary base-text-neutral-low-500 base-text-left\">Entre os presentes e a bagun\u00e7a divertida, estavam presentes <b>Poliana Rocha<\/b>, mulher do cantor, <b>Jo\u00e3o Guilherme<\/b>, o filho mais novo, os pais de Ana Castela, al\u00e9m de Z\u00e9 Felipe, Ana e os filhos de Virginia e Z\u00e9. \ud83c\udf81<\/p>\n<p class=\"jarvics:base-text-neutral-high-400 base-text-[calc(theme(fontSize.xs)_*_var(--font-size,_1))] base-font-normal base-font-primary base-text-neutral-low-500 base-text-left\">\u2705<b>Para saber tudo do mundo dos famosos, <\/b><a href=\"https:\/\/whatsapp.com\/channel\/0029Va9UfKcHQbRyCyhPt71R\" rel=\"nofollow noopener\" target=\"_blank\"><b>siga o canal de entretenimento do R7<\/b><\/a><b>, o portal de not\u00edcias da Record, no WhatsApp<\/b><\/p>\n<p>Os textos aqui publicados <strong>n\u00e3o refletem<\/strong> necessariamente a opini\u00e3o do<strong> Grupo Record<\/strong>.<\/p>\n","protected":false},"excerpt":{"rendered":"Leonardo se divertiu ao ganhar galinha viva de Natal Reprodu\u00e7\u00e3o\/Instagram\/@leonardo O Natal da fam\u00edlia de Leonardo, em Goi\u00e2nia,&hellip;\n","protected":false},"author":2,"featured_media":202628,"comment_status":"","ping_status":"","sticky":false,"template":"","format":"standard","meta":{"footnotes":""},"categories":[145],"tags":[4552,211,210,114,115,3034,32,33],"class_list":{"0":"post-202627","1":"post","2":"type-post","3":"status-publish","4":"format-standard","5":"has-post-thumbnail","7":"category-celebridades","8":"tag-a-hora-da-venenosa","9":"tag-celebridades","10":"tag-celebrities","11":"tag-entertainment","12":"tag-entretenimento","13":"tag-famosos-e-celebridades","14":"tag-portugal","15":"tag-pt"},"share_on_mastodon":{"url":"https:\/\/pubeurope.com\/@pt\/115783084737350027","error":""},"_links":{"self":[{"href":"https:\/\/www.europesays.com\/pt\/wp-json\/wp\/v2\/posts\/202627","targetHints":{"allow":["GET"]}}],"collection":[{"href":"https:\/\/www.europesays.com\/pt\/wp-json\/wp\/v2\/posts"}],"about":[{"href":"https:\/\/www.europesays.com\/pt\/wp-json\/wp\/v2\/types\/post"}],"author":[{"embeddable":true,"href":"https:\/\/www.europesays.com\/pt\/wp-json\/wp\/v2\/users\/2"}],"replies":[{"embeddable":true,"href":"https:\/\/www.europesays.com\/pt\/wp-json\/wp\/v2\/comments?post=202627"}],"version-history":[{"count":0,"href":"https:\/\/www.europesays.com\/pt\/wp-json\/wp\/v2\/posts\/202627\/revisions"}],"wp:featuredmedia":[{"embeddable":true,"href":"https:\/\/www.europesays.com\/pt\/wp-json\/wp\/v2\/media\/202628"}],"wp:attachment":[{"href":"https:\/\/www.europesays.com\/pt\/wp-json\/wp\/v2\/media?parent=202627"}],"wp:term":[{"taxonomy":"category","embeddable":true,"href":"https:\/\/www.europesays.com\/pt\/wp-json\/wp\/v2\/categories?post=202627"},{"taxonomy":"post_tag","embeddable":true,"href":"https:\/\/www.europesays.com\/pt\/wp-json\/wp\/v2\/tags?post=202627"}],"curies":[{"name":"wp","href":"https:\/\/api.w.org\/{rel}","templated":true}]}}