{"id":202629,"date":"2025-12-26T00:42:11","date_gmt":"2025-12-26T00:42:11","guid":{"rendered":"https:\/\/www.europesays.com\/pt\/202629\/"},"modified":"2025-12-26T00:42:11","modified_gmt":"2025-12-26T00:42:11","slug":"jimmy-kimmel-diz-que-2025-foi-muito-bom-nos-eua-do-ponto-de-vista-do-fascismo-televisao","status":"publish","type":"post","link":"https:\/\/www.europesays.com\/pt\/202629\/","title":{"rendered":"Jimmy Kimmel diz que 2025 \u201cfoi muito bom\u201d nos EUA \u201cdo ponto de vista do fascismo\u201d | Televis\u00e3o"},"content":{"rendered":"<p>O humorista norte-americano Jimmy Kimmel, cujo programa televisivo esteve <a href=\"https:\/\/www.publico.pt\/2025\/09\/18\/culturaipsilon\/noticia\/charlie-kirk-programa-jimmy-kimmel-suspenso-abc-pressao-administracao-trump-2147629\" rel=\"nofollow noopener\" target=\"_blank\">temporariamente suspenso em Setembro<\/a>, afirmou na televis\u00e3o brit\u00e2nica que 2025 foi &#8220;um ano muito bom&#8221; nos Estados Unidos &#8220;do ponto de vista do fascismo&#8221;.<\/p>\n<p>O Channel 4 difunde todos os anos desde 1993 um discurso de Natal alternativo ao que \u00e9 proferido pelo monarca brit\u00e2nico.<\/p>\n<p>Este ano, a escolha do canal recaiu sobre Jimmy Kimmel, estrela dos late night shows nos EUA (programas de entretenimento de fim de noite), e que teve o seu programa suspenso em Setembro, depois de ter acusado a direita norte-americana de explorar politicamente o assassinato do influenciador apoiante do presidente Donald Trump, Charlie Kirk.<\/p>\n<p>&#8220;Honestamente, penso que n\u00e3o sei nada do que se passa convosco. Em contrapartida, sei o que se passa connosco, e posso dizer-vos que, do ponto de vista do fascismo, foi um ano muito bom&#8221;, declarou o humorista na abertura da sua alocu\u00e7\u00e3o televisiva.<\/p>\n<p>&#8220;A tirania prospera aqui&#8221;, acrescentou, antes de entrar em detalhes sobre a sua suspens\u00e3o.<\/p>\n<p>        &#13;<\/p>\n<p>&#13;<br \/>\n                &#13;\n            <\/p>\n<p>&#13;<\/p>\n<p>Depois da pol\u00e9mica e das acusa\u00e7\u00f5es de censura, voltou finalmente ao est\u00fadio de grava\u00e7\u00e3o, uma semana ap\u00f3s a suspens\u00e3o.<\/p>\n<p>&#8220;O facto de um Governo remeter os seus detractores ao sil\u00eancio \u00e9 qualquer coisa que acontece em pa\u00edses como a R\u00fassia, a Coreia do Norte e em Los Angeles, mas n\u00e3o no Reino Unido&#8221;, ironizou Kimmel, antes de deixar um aviso aos brit\u00e2nicos: &#8220;Acontece tudo muito r\u00e1pido&#8221;.<\/p>\n<p>Mas o presidente americano, que o humorista baptizou de &#8220;rei Donnie VIII&#8221;, numa alus\u00e3o ao brit\u00e2nico Henrique VIII, &#8220;perdeu&#8221;, garantiu Kimmel, numa refer\u00eancia ao facto de a emiss\u00e3o do seu programa &#8220;Jimmy Kimmel Live!&#8221; ter sido prolongada at\u00e9 meados de 2027.<\/p>\n<p>Kimmel apelou ainda aos brit\u00e2nicos para que n\u00e3o abandonem os americanos: &#8220;Atravessamos um per\u00edodo dif\u00edcil neste momento, mas vamos sair dele&#8221;, acrescentou.<\/p>\n<p>Nomes como o comediante brit\u00e2nico Stephen Fry (2023) e o denunciante americano Edward Snowden (2013) fazem parte da lista de personalidades que j\u00e1 proferiram uma mensagem de Natal alternativa no Channel 4.<\/p>\n","protected":false},"excerpt":{"rendered":"O humorista norte-americano Jimmy Kimmel, cujo programa televisivo esteve temporariamente suspenso em Setembro, afirmou na televis\u00e3o brit\u00e2nica que&hellip;\n","protected":false},"author":2,"featured_media":202630,"comment_status":"","ping_status":"","sticky":false,"template":"","format":"standard","meta":{"footnotes":""},"categories":[142],"tags":[1413,92,114,115,235,413,32,33,713,218,151],"class_list":{"0":"post-202629","1":"post","2":"type-post","3":"status-publish","4":"format-standard","5":"has-post-thumbnail","7":"category-tv","8":"tag-cultura-ipsilon","9":"tag-donald-trump","10":"tag-entertainment","11":"tag-entretenimento","12":"tag-estados-unidos","13":"tag-eua","14":"tag-portugal","15":"tag-pt","16":"tag-reino-unido","17":"tag-televisao","18":"tag-tv"},"share_on_mastodon":{"url":"https:\/\/pubeurope.com\/@pt\/115783096252974125","error":""},"_links":{"self":[{"href":"https:\/\/www.europesays.com\/pt\/wp-json\/wp\/v2\/posts\/202629","targetHints":{"allow":["GET"]}}],"collection":[{"href":"https:\/\/www.europesays.com\/pt\/wp-json\/wp\/v2\/posts"}],"about":[{"href":"https:\/\/www.europesays.com\/pt\/wp-json\/wp\/v2\/types\/post"}],"author":[{"embeddable":true,"href":"https:\/\/www.europesays.com\/pt\/wp-json\/wp\/v2\/users\/2"}],"replies":[{"embeddable":true,"href":"https:\/\/www.europesays.com\/pt\/wp-json\/wp\/v2\/comments?post=202629"}],"version-history":[{"count":0,"href":"https:\/\/www.europesays.com\/pt\/wp-json\/wp\/v2\/posts\/202629\/revisions"}],"wp:featuredmedia":[{"embeddable":true,"href":"https:\/\/www.europesays.com\/pt\/wp-json\/wp\/v2\/media\/202630"}],"wp:attachment":[{"href":"https:\/\/www.europesays.com\/pt\/wp-json\/wp\/v2\/media?parent=202629"}],"wp:term":[{"taxonomy":"category","embeddable":true,"href":"https:\/\/www.europesays.com\/pt\/wp-json\/wp\/v2\/categories?post=202629"},{"taxonomy":"post_tag","embeddable":true,"href":"https:\/\/www.europesays.com\/pt\/wp-json\/wp\/v2\/tags?post=202629"}],"curies":[{"name":"wp","href":"https:\/\/api.w.org\/{rel}","templated":true}]}}