{"id":202631,"date":"2025-12-26T00:44:10","date_gmt":"2025-12-26T00:44:10","guid":{"rendered":"https:\/\/www.europesays.com\/pt\/202631\/"},"modified":"2025-12-26T00:44:10","modified_gmt":"2025-12-26T00:44:10","slug":"5-atores-para-interpretar-john-constantine-no-dcu","status":"publish","type":"post","link":"https:\/\/www.europesays.com\/pt\/202631\/","title":{"rendered":"5 atores para interpretar John Constantine no DCU"},"content":{"rendered":"<p class=\"wp-block-yoast-seo-estimated-reading-time yoast-reading-time__wrapper\">Estimated reading time: 4 minutos<\/p>\n<p><a href=\"https:\/\/ovicio.com.br\/tag\/Constantine\/\" rel=\"nofollow noopener\" target=\"_blank\">John Constantine<\/a> \u00e9 um dos personagens mais ic\u00f4nicos do <a href=\"https:\/\/ovicio.com.br\/tag\/DC-Comics\/\" rel=\"nofollow noopener\" target=\"_blank\">Universo DC<\/a>, sendo conhecido at\u00e9 mesmo por quem n\u00e3o sabe que ele \u00e9 da <strong>DC<\/strong>. <strong>Keanu Reeves<\/strong> deu vida ao detetive paranormal em um filme de 2005 que ainda tem uma grande legi\u00e3o de f\u00e3s, muito embora n\u00e3o fosse uma adapta\u00e7\u00e3o fiel dos quadrinhos, enquanto <strong>Matt Ryan<\/strong> deu vida a uma vers\u00e3o mais pr\u00f3xima do tradicional na TV.<\/p>\n<p>Muitos ainda torcem para que <strong>Constantine 2<\/strong> aconte\u00e7a com Reeves, mas vamos ser sinceros: o astro j\u00e1 tem 61 anos de idade, e o <strong>&#8220;timing&#8221;<\/strong> para essa sequ\u00eancia pode ter passado um pouco.<\/p>\n<p>Neste artigo, separamos cinco atores que poderiam dar vida a uma nova vers\u00e3o de <strong>John Constantine<\/strong> no <strong>DCU<\/strong>.<\/p>\n<p>Charlie Hunnam<img fetchpriority=\"high\" decoding=\"async\" width=\"1024\" height=\"553\" src=\"https:\/\/www.europesays.com\/pt\/wp-content\/uploads\/2025\/12\/20251216-monster__the_ed_gein_story_n_s1_e2_00_28_45_12r-e1756995958839-1024x553.webp.webp\" alt=\"Charlie Hunnam em Monstro: A Hist\u00f3ria de Ed Gein\" class=\"lazyload wp-image-875462\" style=\"aspect-ratio:16\/9;object-fit:cover\"  data-\/>Reprodu\u00e7\u00e3o\/Netflix<\/p>\n<p>Por muito tempo, <strong>Charlie Hunnam<\/strong> foi considerado o favorito dos f\u00e3s para interpretar <strong>Oliver Queen<\/strong>, o <strong>Arqueiro Verde<\/strong>. Mas desde que o ator <a href=\"https:\/\/ovicio.com.br\/charlie-hunnam-ironiza-proposta-para-ser-arqueiro-verde-na-dc-verde-nao-e-minha-cor\/\" rel=\"nofollow noopener\" target=\"_blank\">deu algumas declara\u00e7\u00f5es desdenhosas sobre esse papel<\/a>, a empolga\u00e7\u00e3o em v\u00ea-lo como o personagem diminuiu um pouco.<\/p>\n<p>\u00c9 poss\u00edvel que, para entrar no mundo das adapta\u00e7\u00f5es de quadrinhos, Hunnam quisesse um papel um pouco mais denso, e <strong>Constantine<\/strong> pode ser esse personagem.<\/p>\n<p>Oliver Jackson-Cohen<img loading=\"lazy\" decoding=\"async\" width=\"1024\" height=\"683\" src=\"https:\/\/www.europesays.com\/pt\/wp-content\/uploads\/2025\/12\/20251216-haunting-of-bly-manor-hobm-unit-00273r-1602599888-1024x683.webp.webp\" alt=\"Oliver Jackson-Cohen em A Maldi\u00e7\u00e3o da Mans\u00e3o Bly\" class=\"lazyload wp-image-875463\" style=\"aspect-ratio:1.7777777777777777;object-fit:cover;width:840px;height:auto\"  data-\/>Reprodu\u00e7\u00e3o\/Netflix<\/p>\n<p><strong>Oliver Jackson-Cohen<\/strong> tem uma carreira discreta no cinema e na televis\u00e3o, mas n\u00e3o deve ser esquecido quando se trata de <strong>John Constantine<\/strong>.<\/p>\n<p>Jackson-Cohen poderia dar vida a um <strong>Constantine<\/strong> mais r\u00fastico e f\u00edsico, o que o diferenciaria bastante das vers\u00f5es anteriores do personagem. Personagens atormentados s\u00e3o uma especialidade do ator.<\/p>\n<p>Jack Lowden<img loading=\"lazy\" decoding=\"async\" width=\"1024\" height=\"683\" src=\"https:\/\/www.europesays.com\/pt\/wp-content\/uploads\/2025\/12\/1766709850_897_20251216-2fmethode2ftimes2fprod2fweb2fbin2f343a5c6c-64ef-42d3-9295-6051f4f27cc5-1024x683.webp.webp\" alt=\"Jack Lowden em Slow Horses\" class=\"lazyload wp-image-875464\" style=\"aspect-ratio:16\/9;object-fit:cover\"  data-\/>Reprodu\u00e7\u00e3o\/Apple TV<\/p>\n<p><strong>Jack Lowden<\/strong> \u00e9 um daqueles atores que parecem ter as suas carreiras prestes a <strong>&#8220;explodir&#8221;<\/strong> a qualquer momento, mas ainda n\u00e3o rolou. Talvez seja s\u00f3 uma quest\u00e3o de oportunidade.<\/p>\n<p>Na s\u00e9rie brit\u00e2nica <strong>Slow Horses<\/strong>, Lowden interpreta brilhantemente um personagem incompetente e azarado por quem n\u00e3o sabemos direito se devemos ter raiva ou simpatia. Essas s\u00e3o caracter\u00edsticas que combinam bem com <strong>Constantine<\/strong>.<\/p>\n<p>Robert Pattinson<img loading=\"lazy\" decoding=\"async\" width=\"1024\" height=\"512\" src=\"https:\/\/www.europesays.com\/pt\/wp-content\/uploads\/2025\/12\/20251216-robert-pattinson-as-neil-in-tenet-1024x512.webp.webp\" alt=\"Robert Pattinson em Tenet\" class=\"lazyload wp-image-875465\" style=\"aspect-ratio:16\/9;object-fit:cover\"  data-\/>Reprodu\u00e7\u00e3o\/Warner Bros. Pictures<\/p>\n<p>J\u00e1 vamos disso no site, mas vamos falar de novo: <a href=\"https:\/\/ovicio.com.br\/se-nao-fosse-o-batman-robert-pattinson-seria-perfeito-para-esse-papel-na-dc\/\" rel=\"nofollow noopener\" target=\"_blank\">se n\u00e3o fosse o Batman, Robert Pattinson seria um excelente John Constantine<\/a>. Pattinson carrega todas as qualidades do <strong>Hellblazer<\/strong> cl\u00e1ssico: o estilo despojado, a facilidade em interpretar figuras atormentadas e, ao mesmo tempo, o senso de humor estranho que s\u00f3 um brit\u00e2nico seria capaz de ter.<\/p>\n<p>Se <strong>Jason Momoa<\/strong> saiu de <strong>Aquaman<\/strong> para <strong>Lobo<\/strong>, por que Pattinson n\u00e3o poderia assumir o papel de <strong>Constantine<\/strong> no <strong>DCU<\/strong>, presumindo que o seu <strong>Batman<\/strong> n\u00e3o seja integrado a esse universo compartilhado?<\/p>\n<p>Dan Stevens<img loading=\"lazy\" decoding=\"async\" width=\"1024\" height=\"613\" src=\"https:\/\/www.europesays.com\/pt\/wp-content\/uploads\/2025\/12\/20251216-1515601896-screen-shot-2018-01-10-at-163118-1024x613.webp.webp\" alt=\"Dan Stevens em O H\u00f3spede\" class=\"lazyload wp-image-875466\" style=\"aspect-ratio:16\/9;object-fit:cover\"  data-\/>Reprodu\u00e7\u00e3o\/<\/p>\n<p>Aos 43 anos, <strong>Dan Stevens<\/strong> ainda \u00e9 um ator muito subestimado. Claro, ele j\u00e1 teve oportunidades em grandes produ\u00e7\u00f5es, como os filmes <strong>A Bela e a Fera<\/strong> e <strong>Godzilla e Kong: O Novo Imp\u00e9rio<\/strong> e a s\u00e9rie <strong>Legion<\/strong>, mas ainda parece faltar aquele papel marcante para o ator.<\/p>\n<p>Stevens cairia como uma luva em <strong>Constantine<\/strong>, papel que lhe daria a chance de aproveitar todo o seu charme sarc\u00e1stico.<\/p>\n<p>Leia tamb\u00e9m sobre Constantine:<\/p>\n","protected":false},"excerpt":{"rendered":"Estimated reading time: 4 minutos John Constantine \u00e9 um dos personagens mais ic\u00f4nicos do Universo DC, sendo conhecido&hellip;\n","protected":false},"author":2,"featured_media":202632,"comment_status":"","ping_status":"","sticky":false,"template":"","format":"standard","meta":{"footnotes":""},"categories":[140],"tags":[40252,2945,12237,114,115,147,148,40253,146,32,33],"class_list":{"0":"post-202631","1":"post","2":"type-post","3":"status-publish","4":"format-standard","5":"has-post-thumbnail","7":"category-filmes","8":"tag-constantine","9":"tag-dc","10":"tag-dcu","11":"tag-entertainment","12":"tag-entretenimento","13":"tag-film","14":"tag-filmes","15":"tag-john-constantine","16":"tag-movies","17":"tag-portugal","18":"tag-pt"},"share_on_mastodon":{"url":"https:\/\/pubeurope.com\/@pt\/115783104879496561","error":""},"_links":{"self":[{"href":"https:\/\/www.europesays.com\/pt\/wp-json\/wp\/v2\/posts\/202631","targetHints":{"allow":["GET"]}}],"collection":[{"href":"https:\/\/www.europesays.com\/pt\/wp-json\/wp\/v2\/posts"}],"about":[{"href":"https:\/\/www.europesays.com\/pt\/wp-json\/wp\/v2\/types\/post"}],"author":[{"embeddable":true,"href":"https:\/\/www.europesays.com\/pt\/wp-json\/wp\/v2\/users\/2"}],"replies":[{"embeddable":true,"href":"https:\/\/www.europesays.com\/pt\/wp-json\/wp\/v2\/comments?post=202631"}],"version-history":[{"count":0,"href":"https:\/\/www.europesays.com\/pt\/wp-json\/wp\/v2\/posts\/202631\/revisions"}],"wp:featuredmedia":[{"embeddable":true,"href":"https:\/\/www.europesays.com\/pt\/wp-json\/wp\/v2\/media\/202632"}],"wp:attachment":[{"href":"https:\/\/www.europesays.com\/pt\/wp-json\/wp\/v2\/media?parent=202631"}],"wp:term":[{"taxonomy":"category","embeddable":true,"href":"https:\/\/www.europesays.com\/pt\/wp-json\/wp\/v2\/categories?post=202631"},{"taxonomy":"post_tag","embeddable":true,"href":"https:\/\/www.europesays.com\/pt\/wp-json\/wp\/v2\/tags?post=202631"}],"curies":[{"name":"wp","href":"https:\/\/api.w.org\/{rel}","templated":true}]}}