{"id":202643,"date":"2025-12-26T00:51:53","date_gmt":"2025-12-26T00:51:53","guid":{"rendered":"https:\/\/www.europesays.com\/pt\/202643\/"},"modified":"2025-12-26T00:51:53","modified_gmt":"2025-12-26T00:51:53","slug":"a-que-horas-passam-hoje-os-f-16m-na-sua-zona","status":"publish","type":"post","link":"https:\/\/www.europesays.com\/pt\/202643\/","title":{"rendered":"a que horas passam hoje os F-16M na sua zona?"},"content":{"rendered":"<p>Estamos quase a chegar ao dia de Natal! Pelo pa\u00eds s\u00e3o v\u00e1rias as a\u00e7\u00f5es natal\u00edcias e a For\u00e7a A\u00e9rea Portuguesa tamb\u00e9m tem uma surpresa para as popula\u00e7\u00f5es.\u00a0 Esta quarta-feira olhe para o ar pois vai ver passar F-16M. Veja as horas e os locais.<\/p>\n<p><a target=\"_blank\" href=\"https:\/\/pplware.sapo.pt\/wp-content\/uploads\/2024\/12\/f16.jpg\" onclick=\"refreshIframe()\" class=\"foobox\" rel=\"nofollow noopener\"><img fetchpriority=\"high\" decoding=\"async\" src=\"https:\/\/www.europesays.com\/pt\/wp-content\/uploads\/2025\/12\/f16-720x405.jpg\" alt=\"\" width=\"720\" height=\"405\" class=\"aligncenter size-medium wp-image-1033242\"  \/><\/a><\/p>\n<p>N\u00e3o \u00e9 o &#8220;Ho-ho-ho&#8221; mas \u00e9 bem melhor! \ud83e\udd29 A For\u00e7a A\u00e9rea, atrav\u00e9s de uma parelha de F-16M, vai sobrevoar algumas regi\u00f5es de Portugal Continental durante a manh\u00e3 de hoje como forma de desejar a todos um Feliz Natal.<\/p>\n<p>A For\u00e7a A\u00e9rea utiliza desta forma um voo de treino de manuten\u00e7\u00e3o de capacidades, refor\u00e7ando assim o compromisso de salvaguarda da integridade do territ\u00f3rio nacional, pelo cumprimento de miss\u00f5es de Vigil\u00e2ncia, Policiamento e Defesa A\u00e9rea.<\/p>\n<p><a target=\"_blank\" href=\"https:\/\/pplware.sapo.pt\/wp-content\/uploads\/2025\/12\/602334314_1299749098854288_6261503662369629382_n-1.jpg\" onclick=\"refreshIframe()\" class=\"foobox\" rel=\"nofollow noopener\"><img loading=\"lazy\" decoding=\"async\" src=\"https:\/\/www.europesays.com\/pt\/wp-content\/uploads\/2025\/12\/602334314_1299749098854288_6261503662369629382_n-1-576x720.jpg\" alt=\"\" width=\"576\" height=\"720\" class=\"aligncenter size-medium wp-image-1095080\"  \/><\/a><\/p>\n<p>O F-16M (Falcon portugu\u00eas modernizado) \u00e9 a designa\u00e7\u00e3o atribu\u00edda aos ca\u00e7as F-16 da For\u00e7a A\u00e9rea Portuguesa (FAP) que passaram por processos de moderniza\u00e7\u00e3o ao longo dos anos. Esses upgrades foram realizados no \u00e2mbito do programa de moderniza\u00e7\u00e3o conhecido como MLU (Mid-Life Update), que incluiu melhorias.<\/p>\n<p>Os F-16 portugueses j\u00e1 participaram de diversas miss\u00f5es da NATO, incluindo patrulhas no B\u00e1ltico e opera\u00e7\u00f5es nos Balc\u00e3s.<\/p>\n","protected":false},"excerpt":{"rendered":"Estamos quase a chegar ao dia de Natal! Pelo pa\u00eds s\u00e3o v\u00e1rias as a\u00e7\u00f5es natal\u00edcias e a For\u00e7a&hellip;\n","protected":false},"author":2,"featured_media":202644,"comment_status":"","ping_status":"","sticky":false,"template":"","format":"standard","meta":{"footnotes":""},"categories":[10],"tags":[27,28,15,16,20584,14,25,26,21,22,12,13,19,20,32,23,24,33,17,18,29,30,31],"class_list":{"0":"post-202643","1":"post","2":"type-post","3":"status-publish","4":"format-standard","5":"has-post-thumbnail","7":"category-portugal","8":"tag-breaking-news","9":"tag-breakingnews","10":"tag-featured-news","11":"tag-featurednews","12":"tag-forca-aerea","13":"tag-headlines","14":"tag-latest-news","15":"tag-latestnews","16":"tag-main-news","17":"tag-mainnews","18":"tag-news","19":"tag-noticias","20":"tag-noticias-principais","21":"tag-noticiasprincipais","22":"tag-portugal","23":"tag-principais-noticias","24":"tag-principaisnoticias","25":"tag-pt","26":"tag-top-stories","27":"tag-topstories","28":"tag-ultimas","29":"tag-ultimas-noticias","30":"tag-ultimasnoticias"},"share_on_mastodon":{"url":"https:\/\/pubeurope.com\/@pt\/115783135863239764","error":""},"_links":{"self":[{"href":"https:\/\/www.europesays.com\/pt\/wp-json\/wp\/v2\/posts\/202643","targetHints":{"allow":["GET"]}}],"collection":[{"href":"https:\/\/www.europesays.com\/pt\/wp-json\/wp\/v2\/posts"}],"about":[{"href":"https:\/\/www.europesays.com\/pt\/wp-json\/wp\/v2\/types\/post"}],"author":[{"embeddable":true,"href":"https:\/\/www.europesays.com\/pt\/wp-json\/wp\/v2\/users\/2"}],"replies":[{"embeddable":true,"href":"https:\/\/www.europesays.com\/pt\/wp-json\/wp\/v2\/comments?post=202643"}],"version-history":[{"count":0,"href":"https:\/\/www.europesays.com\/pt\/wp-json\/wp\/v2\/posts\/202643\/revisions"}],"wp:featuredmedia":[{"embeddable":true,"href":"https:\/\/www.europesays.com\/pt\/wp-json\/wp\/v2\/media\/202644"}],"wp:attachment":[{"href":"https:\/\/www.europesays.com\/pt\/wp-json\/wp\/v2\/media?parent=202643"}],"wp:term":[{"taxonomy":"category","embeddable":true,"href":"https:\/\/www.europesays.com\/pt\/wp-json\/wp\/v2\/categories?post=202643"},{"taxonomy":"post_tag","embeddable":true,"href":"https:\/\/www.europesays.com\/pt\/wp-json\/wp\/v2\/tags?post=202643"}],"curies":[{"name":"wp","href":"https:\/\/api.w.org\/{rel}","templated":true}]}}