{"id":202668,"date":"2025-12-26T01:16:38","date_gmt":"2025-12-26T01:16:38","guid":{"rendered":"https:\/\/www.europesays.com\/pt\/202668\/"},"modified":"2025-12-26T01:16:38","modified_gmt":"2025-12-26T01:16:38","slug":"na-vespera-de-natal-barbara-parada-recebe-rosas-saiba-de-quem","status":"publish","type":"post","link":"https:\/\/www.europesays.com\/pt\/202668\/","title":{"rendered":"Na v\u00e9spera de Natal, B\u00e1rbara Parada recebe rosas: saiba de quem!"},"content":{"rendered":"<p>Recorrendo ao Instagram, muitas s\u00e3o as figuras p\u00fablicas que est\u00e3o a assinalar a quadra natal\u00edcia, partilhando fotografias, nas quais mostram alguns presentes \u00fanicos.<\/p>\n<p>Foi o que aconteceu com <a href=\"https:\/\/selfie.iol.pt\/famosos\/big-brother\/barbara-parada-posa-em-restaurante-e-detalhe-indesejado-chama-a-atencao-ok-agora-todos-olharam\/20251221\/6947f6c3d34e2bd5c6d55f36\" target=\"_blank\" rel=\"nofollow noopener\">B\u00e1rbara Parada<\/a>, que revelou uma imagem, na qual surge a receber rosas de f\u00e3s.<\/p>\n<p>&#8220;Oh, adoro-vos! Muito obrigada por todo o carinho de sempre! Nunca falham!&#8221;, come\u00e7ou por exclamar a finalista do &#8220;<a href=\"https:\/\/tvi.iol.pt\/bigbrother\/\" target=\"_blank\" rel=\"nofollow noopener\">Big Brother<\/a> 2022&#8243; na legenda do registo.<\/p>\n<p>Al\u00e9m disso, os admiradores de B\u00e1rbara Parada at\u00e9 deram uma prenda ao amigo de quatro patas da jovem. &#8220;E o Martim tamb\u00e9m recebeu um brinquedo, que sorte! Obrigada!&#8221;, assinalou a influenciadora digital.<\/p>\n<p>&#8220;Bom Natal para todos voc\u00eas. Aproveitem muito este dia m\u00e1gico&#8221;, completou.<\/p>\n<p>Veja, agora, algumas das melhores imagens de B\u00e1rbara Parada nas galerias de fotografias que prepar\u00e1mos para si.<\/p>\n<p><img decoding=\"async\" alt=\"\" onclick=\"\" src=\"https:\/\/www.europesays.com\/pt\/wp-content\/uploads\/2025\/12\/1766711798_816_1024.jpeg\" title=\"B\u00e1rbara Parada\"\/><\/p>\n","protected":false},"excerpt":{"rendered":"Recorrendo ao Instagram, muitas s\u00e3o as figuras p\u00fablicas que est\u00e3o a assinalar a quadra natal\u00edcia, partilhando fotografias, nas&hellip;\n","protected":false},"author":2,"featured_media":202669,"comment_status":"","ping_status":"","sticky":false,"template":"","format":"standard","meta":{"footnotes":""},"categories":[85],"tags":[2151,48,114,115,980,1015,619,7561,32,33,1014,1012,162],"class_list":{"0":"post-202668","1":"post","2":"type-post","3":"status-publish","4":"format-standard","5":"has-post-thumbnail","7":"category-entretenimento","8":"tag-barbara-parada","9":"tag-big-brother","10":"tag-entertainment","11":"tag-entretenimento","12":"tag-famosos","13":"tag-instagram","14":"tag-nacional","15":"tag-natal","16":"tag-portugal","17":"tag-pt","18":"tag-reality-show","19":"tag-selfie","20":"tag-tvi"},"share_on_mastodon":{"url":"https:\/\/pubeurope.com\/@pt\/115783230225015074","error":""},"_links":{"self":[{"href":"https:\/\/www.europesays.com\/pt\/wp-json\/wp\/v2\/posts\/202668","targetHints":{"allow":["GET"]}}],"collection":[{"href":"https:\/\/www.europesays.com\/pt\/wp-json\/wp\/v2\/posts"}],"about":[{"href":"https:\/\/www.europesays.com\/pt\/wp-json\/wp\/v2\/types\/post"}],"author":[{"embeddable":true,"href":"https:\/\/www.europesays.com\/pt\/wp-json\/wp\/v2\/users\/2"}],"replies":[{"embeddable":true,"href":"https:\/\/www.europesays.com\/pt\/wp-json\/wp\/v2\/comments?post=202668"}],"version-history":[{"count":0,"href":"https:\/\/www.europesays.com\/pt\/wp-json\/wp\/v2\/posts\/202668\/revisions"}],"wp:featuredmedia":[{"embeddable":true,"href":"https:\/\/www.europesays.com\/pt\/wp-json\/wp\/v2\/media\/202669"}],"wp:attachment":[{"href":"https:\/\/www.europesays.com\/pt\/wp-json\/wp\/v2\/media?parent=202668"}],"wp:term":[{"taxonomy":"category","embeddable":true,"href":"https:\/\/www.europesays.com\/pt\/wp-json\/wp\/v2\/categories?post=202668"},{"taxonomy":"post_tag","embeddable":true,"href":"https:\/\/www.europesays.com\/pt\/wp-json\/wp\/v2\/tags?post=202668"}],"curies":[{"name":"wp","href":"https:\/\/api.w.org\/{rel}","templated":true}]}}