{"id":20268,"date":"2025-08-07T20:28:06","date_gmt":"2025-08-07T20:28:06","guid":{"rendered":"https:\/\/www.europesays.com\/pt\/20268\/"},"modified":"2025-08-07T20:28:06","modified_gmt":"2025-08-07T20:28:06","slug":"justica-do-rio-nega-pedido-de-habeas-corpus-para-oruam-07-08-2025-cotidiano","status":"publish","type":"post","link":"https:\/\/www.europesays.com\/pt\/20268\/","title":{"rendered":"Justi\u00e7a do Rio nega pedido de habeas corpus para Oruam &#8211; 07\/08\/2025 &#8211; Cotidiano"},"content":{"rendered":"<p>A Justi\u00e7a do <a href=\"https:\/\/www1.folha.uol.com.br\/folha-topicos\/rio-de-janeiro\/\" rel=\"nofollow noopener\" target=\"_blank\">Rio de Janeiro<\/a> negou nesta quarta-feira (6) um pedido de habeas corpus feito pela defesa do rapper Mauro Davi dos Santos Nepomuceno, o <a href=\"https:\/\/www1.folha.uol.com.br\/folha-topicos\/oruam\/\" rel=\"nofollow noopener\" target=\"_blank\">Oruam<\/a>, 25, para que a<a href=\"https:\/\/www1.folha.uol.com.br\/cotidiano\/2025\/07\/justica-do-rj-decreta-prisao-preventiva-de-rapper-oruam.shtml\" rel=\"nofollow noopener\" target=\"\"> pris\u00e3o preventiva<\/a> dele fosse substitu\u00edda por medidas alternativas.<\/p>\n<p>Oruam foi preso ap\u00f3s jogar pedras em policiais, na noite de 21 de julho, supostamente para facilitar a fuga de um adolescente que estava na casa do artista, no Jo\u00e1, bairro da zona oeste do Rio.<\/p>\n<p>O rapper \u00e9 acusado de tentativa de homic\u00eddio qualificado praticado contra o delegado Moyses Santana Gomes e o oficial Alexandre Alves Ferraz, da <a href=\"https:\/\/www1.folha.uol.com.br\/folha-topicos\/policia-civil\/\" rel=\"nofollow noopener\" target=\"_blank\">Pol\u00edcia Civil<\/a>.<\/p>\n<p>Ele foi preso no dia 31 de julho e desde segunda-feira (4) <a href=\"https:\/\/www1.folha.uol.com.br\/cotidiano\/2025\/08\/oruam-e-transferido-para-cela-coletiva-em-prisao-do-rio-segundo-secretaria.shtml\" rel=\"nofollow noopener\" target=\"\">compartilha uma cela<\/a> com presos do <a href=\"https:\/\/www1.folha.uol.com.br\/cotidiano\/2025\/04\/pcc-e-comando-vermelho-rompem-alianca-advogados-falam-em-cisao-pacifica.shtml\" rel=\"nofollow noopener\" target=\"\">Comando Vermelho<\/a>, no complexo penitenci\u00e1rio Bangu, tamb\u00e9m na zona oeste.<\/p>\n<p>No pedido de habeas corpus, a defesa alegou que &#8220;o exame detido do decreto de pris\u00e3o preventiva, somado \u00e0s considera\u00e7\u00f5es relacionadas \u00e0 pr\u00f3pria nebulosidade da a\u00e7\u00e3o policial que redundou na pris\u00e3o, indica de forma clara que a cust\u00f3dia processual \u00e9 ilegal e desnecess\u00e1ria&#8221;.<\/p>\n<p>Ao negar o pedido, a desembargadora Marcia Perrini Bodart, da 4\u00aa C\u00e2mara Criminal do Tribunal de Justi\u00e7a do Rio, citou trechos da decis\u00e3o que <a href=\"https:\/\/www1.folha.uol.com.br\/cotidiano\/2025\/07\/oruam-e-denunciado-por-tentativa-de-homicidio-contra-policiais.shtml\" rel=\"nofollow noopener\" target=\"\">decretou a pris\u00e3o preventiva<\/a>.<\/p>\n<p>    FolhaJus<\/p>\n<p class=\"c-newsletter__subtitle\">A newsletter sobre o mundo jur\u00eddico exclusiva para assinantes da Folha<\/p>\n<p>&#8220;A postura audaciosa de Mauro, vulgo Oruam, incluindo desacato e amea\u00e7as aos agentes das for\u00e7as policiais n\u00e3o se deu somente pelas redes sociais, mas tamb\u00e9m pessoalmente, consoante m\u00eddia publicada nas redes sociais, referente ao dia dos fatos, sendo extremamente grave e dela se denota que em futuras ocasi\u00f5es atuar\u00e1 da mesma forma, sendo necess\u00e1ria a pris\u00e3o para a garantia da ordem p\u00fablica&#8221;, diz o trecho mencionado.<\/p>\n<p>A defesa de Oruam nega a tentativa de homic\u00eddio. &#8220;Mauro n\u00e3o atentou contra a vida de ningu\u00e9m, e isto ser\u00e1 devidamente esclarecido nos autos do processo que trata dos fatos&#8221;, disse, em nota, o advogado Fernando Henrique Cardoso Neves.<\/p>\n","protected":false},"excerpt":{"rendered":"A Justi\u00e7a do Rio de Janeiro negou nesta quarta-feira (6) um pedido de habeas corpus feito pela defesa&hellip;\n","protected":false},"author":2,"featured_media":20269,"comment_status":"","ping_status":"","sticky":false,"template":"","format":"standard","meta":{"footnotes":""},"categories":[141],"tags":[7402,7403,114,115,236,7404,7405,149,150,693,3663,32,33,1641,2326,5279],"class_list":{"0":"post-20268","1":"post","2":"type-post","3":"status-publish","4":"format-standard","5":"has-post-thumbnail","7":"category-musica","8":"tag-bangu","9":"tag-comando-vermelho","10":"tag-entertainment","11":"tag-entretenimento","12":"tag-folha","13":"tag-folhajus","14":"tag-judiciario","15":"tag-music","16":"tag-musica","17":"tag-oruam","18":"tag-policia-civil","19":"tag-portugal","20":"tag-pt","21":"tag-rap","22":"tag-rio-de-janeiro","23":"tag-rio-de-janeiro-estado"},"share_on_mastodon":{"url":"","error":""},"_links":{"self":[{"href":"https:\/\/www.europesays.com\/pt\/wp-json\/wp\/v2\/posts\/20268","targetHints":{"allow":["GET"]}}],"collection":[{"href":"https:\/\/www.europesays.com\/pt\/wp-json\/wp\/v2\/posts"}],"about":[{"href":"https:\/\/www.europesays.com\/pt\/wp-json\/wp\/v2\/types\/post"}],"author":[{"embeddable":true,"href":"https:\/\/www.europesays.com\/pt\/wp-json\/wp\/v2\/users\/2"}],"replies":[{"embeddable":true,"href":"https:\/\/www.europesays.com\/pt\/wp-json\/wp\/v2\/comments?post=20268"}],"version-history":[{"count":0,"href":"https:\/\/www.europesays.com\/pt\/wp-json\/wp\/v2\/posts\/20268\/revisions"}],"wp:featuredmedia":[{"embeddable":true,"href":"https:\/\/www.europesays.com\/pt\/wp-json\/wp\/v2\/media\/20269"}],"wp:attachment":[{"href":"https:\/\/www.europesays.com\/pt\/wp-json\/wp\/v2\/media?parent=20268"}],"wp:term":[{"taxonomy":"category","embeddable":true,"href":"https:\/\/www.europesays.com\/pt\/wp-json\/wp\/v2\/categories?post=20268"},{"taxonomy":"post_tag","embeddable":true,"href":"https:\/\/www.europesays.com\/pt\/wp-json\/wp\/v2\/tags?post=20268"}],"curies":[{"name":"wp","href":"https:\/\/api.w.org\/{rel}","templated":true}]}}