{"id":202684,"date":"2025-12-26T01:36:09","date_gmt":"2025-12-26T01:36:09","guid":{"rendered":"https:\/\/www.europesays.com\/pt\/202684\/"},"modified":"2025-12-26T01:36:09","modified_gmt":"2025-12-26T01:36:09","slug":"carlos-posta-foto-do-pai-no-hospital-e-fala-em-novo-procedimento","status":"publish","type":"post","link":"https:\/\/www.europesays.com\/pt\/202684\/","title":{"rendered":"Carlos posta foto do pai no hospital e fala em novo procedimento"},"content":{"rendered":"<p><img decoding=\"async\" fetchpriority=\"high\" src=\"https:\/\/www.europesays.com\/pt\/wp-content\/uploads\/2025\/12\/eobboc1pxa9o3e5dor6p1xfuk.jpg\" width=\"906\" height=\"509\" alt=\"Bolsonaro passou por cirurgia na manh\u00e3 desta quinta-feira (25)\" title=\"Bolsonaro passou por cirurgia na manh\u00e3 desta quinta-feira (25)\"\/>Reprodu\u00e7\u00e3o\/Rede X<\/p>\n<p>Bolsonaro passou por cirurgia na manh\u00e3 desta quinta-feira (25)<\/p>\n<p class=\"\"><strong>Carlos Bolsonaro (PL)<\/strong> publicou, na tarde desta quinta-feira (25), a <strong>foto do pai no hopital<\/strong> ap\u00f3s cirurgia para retirada de uma h\u00e9rnia inguinal bilateral na manh\u00e3 de hoje. Na postagem, o ex-vereador afirmou que os m\u00e9dicos <strong>avaliam que o ex-presidente<\/strong>, Jair Bolsonaro, seja submetido a um <strong>novo procedimento<\/strong>.\u00a0<\/p>\n<p class=\"\">&#8220;Estar ao seu lado certamente lhe faz bem, mas o que se imp\u00f5e ao redor \u00e9 nitidamente intimidat\u00f3rio e proposital. Enquanto isso, os m\u00e9dicos seguem acompanhando o quadro p\u00f3s-operat\u00f3rio, avaliando inclusive a necessidade de novo procedimento em raz\u00e3o dos solu\u00e7os persistentes&#8221;, escreveu.\u00a0<\/p>\n<p class=\"\">Leia mais sobre a cirurgia:\u00a0 <a href=\"https:\/\/ultimosegundo.ig.com.br\/brasil\/2025-12-25\/michele-diz-que-cirurgia-de-bolsonaro-foi--finalizada-com-sucesso-.html\" data-mce-href=\"https:\/\/ultimosegundo.ig.com.br\/brasil\/2025-12-25\/michele-diz-que-cirurgia-de-bolsonaro-foi--finalizada-com-sucesso-.html\" data-mce- rel=\"nofollow noopener\" target=\"_blank\">Michelle diz que cirurgia de Bolsonaro terminou &#8220;com sucesso&#8221;<\/a><\/p>\n<p class=\"\">Carlos aproveitou para <strong>tecer cr\u00edticas<\/strong> sobre a <strong>log\u00edstica de vigil\u00e2ncia<\/strong> durante o per\u00edodo de interna\u00e7\u00e3o do ex-mandat\u00e1rio no Hospital DF Star, em Bras\u00edlia. A <strong>medida foi imposta pelo ministro<\/strong> do Supremo Tribunal Federal (STF), Alexandre de Moraes.\u00a0<\/p>\n<p class=\"\">&#8220;\u00c9 imposs\u00edvel n\u00e3o se perguntar como um homem de 70 anos consegue resistir a praticamente uma cirurgia por ano, al\u00e9m de tudo o que vem sendo submetido desde a primeira tentativa de tirar-lhe a vida. De ontem para hoje, chegaram ao absurdo de proibir o acompanhamento at\u00e9 com rel\u00f3gio no pulso, mantendo uma rotina de restri\u00e7\u00f5es que todos j\u00e1 conhecem e que se repete dia ap\u00f3s dia&#8221;, disse.\u00a0<\/p>\n<p class=\"\">Confira a publica\u00e7\u00e3o:\u00a0<\/p>\n<blockquote class=\"twitter-tweet\">\n<p lang=\"pt\" dir=\"ltr\">Acompanho a interna\u00e7\u00e3o para a oitava cirurgia decorrente da tentativa de assassinato contra o presidente <a href=\"https:\/\/twitter.com\/jairbolsonaro?ref_src=twsrc%5Etfw\" rel=\"nofollow noopener\" target=\"_blank\">@jairbolsonaro<\/a>, praticada por um antigo filiado a partido aliado de Lula. Confesso que, desta vez, o n\u00famero de policiais mobilizados para acompanhar o procedimento e toda a\u2026 <a href=\"https:\/\/t.co\/AoyYvfJToE\" rel=\"nofollow\">pic.twitter.com\/AoyYvfJToE<\/a><\/p>\n<p>\u2014 Carlos Bolsonaro (@CarlosBolsonaro) <a href=\"https:\/\/twitter.com\/CarlosBolsonaro\/status\/2004245526267547952?ref_src=twsrc%5Etfw\" rel=\"nofollow noopener\" target=\"_blank\">December 25, 2025<\/a><\/p><\/blockquote>\n<p><strong>P\u00f3s-cirurgia<\/strong><\/p>\n<p class=\"\">No final da tarde de hoje (25), a <strong>ex-primeira dama<\/strong>, Michelle Bolsonaro, <strong>divulgou nota<\/strong> assinada pelo <strong>m\u00e9dicos que acompanham o marido<\/strong>. No comunicado, os profissinais afirmam que a cirurgia foi realizada dentro do previsto, <strong>sem intecorr\u00eancias<\/strong>.\u00a0<\/p>\n<p class=\"\">Conforme a publica\u00e7\u00e3o, o ex-presidente <strong>deve seguir em cuidados<\/strong> p\u00f3s-operat\u00f3rios, que incluem\u00a0 <strong>analgesia<\/strong>, fisioterapia motora e <strong>preven\u00e7\u00e3o a trombose<\/strong> venosa.\u00a0<\/p>\n<p class=\"\">&#8220;No memento, encontra-se em otimza\u00e7\u00e3o do tratamento cl\u00ednico de solu\u00e7os, devendo ser reavaliada a necessidade do procedimento intervencionista nos pr\u00f3ximos dias&#8221;, finaliza a nota.\u00a0<\/p>\n<p><script async src=\"https:\/\/platform.twitter.com\/widgets.js\" charset=\"utf-8\"><\/script><\/p>\n","protected":false},"excerpt":{"rendered":"Reprodu\u00e7\u00e3o\/Rede X Bolsonaro passou por cirurgia na manh\u00e3 desta quinta-feira (25) Carlos Bolsonaro (PL) publicou, na tarde desta&hellip;\n","protected":false},"author":2,"featured_media":202685,"comment_status":"","ping_status":"","sticky":false,"template":"","format":"standard","meta":{"footnotes":""},"categories":[145],"tags":[28172,211,210,5953,3864,114,115,1125,32,14324,33,5261,40258],"class_list":{"0":"post-202684","1":"post","2":"type-post","3":"status-publish","4":"format-standard","5":"has-post-thumbnail","7":"category-celebridades","8":"tag-carlos-bolsonaro","9":"tag-celebridades","10":"tag-celebrities","11":"tag-cirurgia","12":"tag-desabafo","13":"tag-entertainment","14":"tag-entretenimento","15":"tag-jair-bolsonaro","16":"tag-portugal","17":"tag-procedimento","18":"tag-pt","19":"tag-recuperacao","20":"tag-soluco"},"share_on_mastodon":{"url":"https:\/\/pubeurope.com\/@pt\/115783308876639288","error":""},"_links":{"self":[{"href":"https:\/\/www.europesays.com\/pt\/wp-json\/wp\/v2\/posts\/202684","targetHints":{"allow":["GET"]}}],"collection":[{"href":"https:\/\/www.europesays.com\/pt\/wp-json\/wp\/v2\/posts"}],"about":[{"href":"https:\/\/www.europesays.com\/pt\/wp-json\/wp\/v2\/types\/post"}],"author":[{"embeddable":true,"href":"https:\/\/www.europesays.com\/pt\/wp-json\/wp\/v2\/users\/2"}],"replies":[{"embeddable":true,"href":"https:\/\/www.europesays.com\/pt\/wp-json\/wp\/v2\/comments?post=202684"}],"version-history":[{"count":0,"href":"https:\/\/www.europesays.com\/pt\/wp-json\/wp\/v2\/posts\/202684\/revisions"}],"wp:featuredmedia":[{"embeddable":true,"href":"https:\/\/www.europesays.com\/pt\/wp-json\/wp\/v2\/media\/202685"}],"wp:attachment":[{"href":"https:\/\/www.europesays.com\/pt\/wp-json\/wp\/v2\/media?parent=202684"}],"wp:term":[{"taxonomy":"category","embeddable":true,"href":"https:\/\/www.europesays.com\/pt\/wp-json\/wp\/v2\/categories?post=202684"},{"taxonomy":"post_tag","embeddable":true,"href":"https:\/\/www.europesays.com\/pt\/wp-json\/wp\/v2\/tags?post=202684"}],"curies":[{"name":"wp","href":"https:\/\/api.w.org\/{rel}","templated":true}]}}