{"id":202688,"date":"2025-12-26T01:41:08","date_gmt":"2025-12-26T01:41:08","guid":{"rendered":"https:\/\/www.europesays.com\/pt\/202688\/"},"modified":"2025-12-26T01:41:08","modified_gmt":"2025-12-26T01:41:08","slug":"5-atrizes-que-podem-interpretar-a-canario-negro-do-dcu","status":"publish","type":"post","link":"https:\/\/www.europesays.com\/pt\/202688\/","title":{"rendered":"5 atrizes que podem interpretar a Can\u00e1rio Negro do DCU"},"content":{"rendered":"<p class=\"wp-block-yoast-seo-estimated-reading-time yoast-reading-time__wrapper\">Estimated reading time: 3 minutos<\/p>\n<p>H\u00e1 alguns anos, ainda na \u00e9poca do DCEU, a <strong>Warner Bros. Pictures<\/strong> tentou produzir um derivado de <strong>Aves de Rapina: Arlequina e Sua Emancipa\u00e7\u00e3o Fantabulosa<\/strong> focado na <a href=\"https:\/\/ovicio.com.br\/tag\/canario-negro\/\" target=\"_blank\" rel=\"noreferrer noopener nofollow\">Can\u00e1rio Negro<\/a>, interpretada por <strong>Jurnee Smollett<\/strong>.<\/p>\n<p><strong>Misha Green<\/strong> (The Lovecraft Country) havia sido contratada como roteirista, e se tratava de um projeto exclusivo da <strong>HBO Max<\/strong>. Mas, acabou sendo cancelado.<\/p>\n<p>E agora fica a d\u00favida: existem planos para a ic\u00f4nica parceira do Arqueiro Verde aparecer futuramente?<\/p>\n<p>Segue abaixo uma lista de cinco atrizes que poderiam ser escolhidas como a pr\u00f3xima itera\u00e7\u00e3o da hero\u00edna.<\/p>\n<p>Samara Weaving<\/p>\n<blockquote class=\"instagram-media\" data-instgrm-captioned=\"\" data-instgrm-permalink=\"https:\/\/www.instagram.com\/p\/C2i4yKCRSkt\/?utm_source=ig_embed&amp;utm_campaign=loading\" data-instgrm-version=\"14\" style=\" background:#FFF; border:0; border-radius:3px; box-shadow:0 0 1px 0 rgba(0,0,0,0.5),0 1px 10px 0 rgba(0,0,0,0.15); margin: 1px; max-width:540px; min-width:326px; padding:0; width:99.375%; width:-webkit-calc(100% - 2px); width:calc(100% - 2px);\"\/>\n<p>Talvez a grande favorita dos f\u00e3s (e que estava no radar de <strong>James Gunn<\/strong> para a Lois Lane de <strong>Superman<\/strong>, perdendo a disputa para <strong>Rachel Brosnahan<\/strong>). Estourou em Hollywood com <strong>A Bab\u00e1: Rainha da Morte<\/strong>, e desde ent\u00e3o, teve participa\u00e7\u00f5es em <strong>Casamento Sangrento<\/strong>, <strong>P\u00e2nico VI<\/strong> e <strong>Motorista de Fuga<\/strong>.<\/p>\n<p>Elizabeth Lail<\/p>\n<blockquote class=\"instagram-media\" data-instgrm-captioned=\"\" data-instgrm-permalink=\"https:\/\/www.instagram.com\/p\/DR2KudtEd-t\/?utm_source=ig_embed&amp;utm_campaign=loading\" data-instgrm-version=\"14\" style=\" background:#FFF; border:0; border-radius:3px; box-shadow:0 0 1px 0 rgba(0,0,0,0.5),0 1px 10px 0 rgba(0,0,0,0.15); margin: 1px; max-width:540px; min-width:326px; padding:0; width:99.375%; width:-webkit-calc(100% - 2px); width:calc(100% - 2px);\"\/>\n<p>Co-protagonista dos filmes recentes de <strong>Five Nights at Freddy&#8217;s<\/strong>, Lail construiu uma carreira s\u00f3lida na televis\u00e3o norte-americana, especialmente na s\u00e9rie <strong>Voc\u00ea<\/strong> como Guinevere Beck. Antes disso, teve destaque em <strong>Era uma Vez<\/strong>, como Anna (sim, a mesma personagem de <strong>Frozen<\/strong>).<\/p>\n<p>Sydney Sweeney<\/p>\n<blockquote class=\"instagram-media\" data-instgrm-captioned=\"\" data-instgrm-permalink=\"https:\/\/www.instagram.com\/p\/DSX1VJGFHJi\/?utm_source=ig_embed&amp;utm_campaign=loading\" data-instgrm-version=\"14\" style=\" background:#FFF; border:0; border-radius:3px; box-shadow:0 0 1px 0 rgba(0,0,0,0.5),0 1px 10px 0 rgba(0,0,0,0.15); margin: 1px; max-width:540px; min-width:326px; padding:0; width:99.375%; width:-webkit-calc(100% - 2px); width:calc(100% - 2px);\"\/>\n<p>Uma das maiores estrelas em ascens\u00e3o na atualidade. Ganhou reconhecimento pela s\u00e9rie <strong>Euphoria<\/strong>, da <strong>HBO<\/strong>, al\u00e9m de <strong>The White Lotus<\/strong>. Na tela grande, n\u00e3o seria sua primeira experi\u00eancia no universo dos super-her\u00f3is, visto que participou do pol\u00eamico <strong>Madame Teia<\/strong>.<\/p>\n<p>Outros cr\u00e9ditos recentes incluem <strong>Todos Menos Voc\u00ea<\/strong>, <strong>Christy<\/strong> e <strong>A Empregada<\/strong>, todos com boas avalia\u00e7\u00f5es da cr\u00edtica.<\/p>\n<p>Rene\u00e9 Rapp<\/p>\n<blockquote class=\"instagram-media\" data-instgrm-captioned=\"\" data-instgrm-permalink=\"https:\/\/www.instagram.com\/p\/DQ7LWxKD0Cs\/?utm_source=ig_embed&amp;utm_campaign=loading\" data-instgrm-version=\"14\" style=\" background:#FFF; border:0; border-radius:3px; box-shadow:0 0 1px 0 rgba(0,0,0,0.5),0 1px 10px 0 rgba(0,0,0,0.15); margin: 1px; max-width:540px; min-width:326px; padding:0; width:99.375%; width:-webkit-calc(100% - 2px); width:calc(100% - 2px);\"\/>\n<p>Apesar da pouca experi\u00eancia em projetos cinematogr\u00e1ficos, seu grande trunfo \u00e9 justamente a voz (algo crucial para a personagem). Para quem n\u00e3o sabe, Rapp tamb\u00e9m \u00e9 cantora, e ficou conhecida por interpretar Regina George na pe\u00e7a da Broadway baseado em <strong>Meninas Malvadas<\/strong>, e retornou para a adapta\u00e7\u00e3o cinematogr\u00e1fica musical.<\/p>\n<p>Florence Pugh<\/p>\n<blockquote class=\"instagram-media\" data-instgrm-captioned=\"\" data-instgrm-permalink=\"https:\/\/www.instagram.com\/p\/DKC7SdkIV8j\/?utm_source=ig_embed&amp;utm_campaign=loading\" data-instgrm-version=\"14\" style=\" background:#FFF; border:0; border-radius:3px; box-shadow:0 0 1px 0 rgba(0,0,0,0.5),0 1px 10px 0 rgba(0,0,0,0.15); margin: 1px; max-width:540px; min-width:326px; padding:0; width:99.375%; width:-webkit-calc(100% - 2px); width:calc(100% - 2px);\"\/>\n<p>Bem, dispensa apresenta\u00e7\u00f5es, n\u00e3o \u00e9 mesmo? Florence Pugh chamou a aten\u00e7\u00e3o em <strong>Lady Macbeth<\/strong> e se consolidou com <strong>Midsommar<\/strong>. O primeiro grande momento na carreira aconteceu em Ador\u00e1veis Mulheres, recebendo uma indica\u00e7\u00e3o ao Oscar.<\/p>\n<p>Atualmente, interpreta Yelena Belova no <strong>Universo Cinematogr\u00e1fico Marvel<\/strong>, algo que poderia ser um empecilho em um poss\u00edvel contato da <strong>DC Studios<\/strong>. E vale dizer tamb\u00e9m que n\u00e3o seria um cach\u00ea pequeno, algo que t\u00eam sido levado em considera\u00e7\u00e3o por Gunn e <strong>Peter Safran<\/strong>.<\/p>\n<p>Leia mais sobre Can\u00e1rio Negro:<script async src=\"\/\/www.instagram.com\/embed.js\"><\/script><\/p>\n","protected":false},"excerpt":{"rendered":"Estimated reading time: 3 minutos H\u00e1 alguns anos, ainda na \u00e9poca do DCEU, a Warner Bros. Pictures tentou&hellip;\n","protected":false},"author":2,"featured_media":202689,"comment_status":"","ping_status":"","sticky":false,"template":"","format":"standard","meta":{"footnotes":""},"categories":[140],"tags":[12957,40260,2945,7319,114,115,147,148,146,32,33],"class_list":{"0":"post-202688","1":"post","2":"type-post","3":"status-publish","4":"format-standard","5":"has-post-thumbnail","7":"category-filmes","8":"tag-arqueiro-verde","9":"tag-canario-negro","10":"tag-dc","11":"tag-dc-studios","12":"tag-entertainment","13":"tag-entretenimento","14":"tag-film","15":"tag-filmes","16":"tag-movies","17":"tag-portugal","18":"tag-pt"},"share_on_mastodon":{"url":"https:\/\/pubeurope.com\/@pt\/115783328324787040","error":""},"_links":{"self":[{"href":"https:\/\/www.europesays.com\/pt\/wp-json\/wp\/v2\/posts\/202688","targetHints":{"allow":["GET"]}}],"collection":[{"href":"https:\/\/www.europesays.com\/pt\/wp-json\/wp\/v2\/posts"}],"about":[{"href":"https:\/\/www.europesays.com\/pt\/wp-json\/wp\/v2\/types\/post"}],"author":[{"embeddable":true,"href":"https:\/\/www.europesays.com\/pt\/wp-json\/wp\/v2\/users\/2"}],"replies":[{"embeddable":true,"href":"https:\/\/www.europesays.com\/pt\/wp-json\/wp\/v2\/comments?post=202688"}],"version-history":[{"count":0,"href":"https:\/\/www.europesays.com\/pt\/wp-json\/wp\/v2\/posts\/202688\/revisions"}],"wp:featuredmedia":[{"embeddable":true,"href":"https:\/\/www.europesays.com\/pt\/wp-json\/wp\/v2\/media\/202689"}],"wp:attachment":[{"href":"https:\/\/www.europesays.com\/pt\/wp-json\/wp\/v2\/media?parent=202688"}],"wp:term":[{"taxonomy":"category","embeddable":true,"href":"https:\/\/www.europesays.com\/pt\/wp-json\/wp\/v2\/categories?post=202688"},{"taxonomy":"post_tag","embeddable":true,"href":"https:\/\/www.europesays.com\/pt\/wp-json\/wp\/v2\/tags?post=202688"}],"curies":[{"name":"wp","href":"https:\/\/api.w.org\/{rel}","templated":true}]}}