{"id":202716,"date":"2025-12-26T02:11:17","date_gmt":"2025-12-26T02:11:17","guid":{"rendered":"https:\/\/www.europesays.com\/pt\/202716\/"},"modified":"2025-12-26T02:11:17","modified_gmt":"2025-12-26T02:11:17","slug":"quaresma-yamal-ou-ronaldo-os-dez-golos-mais-marcantes-em-2025","status":"publish","type":"post","link":"https:\/\/www.europesays.com\/pt\/202716\/","title":{"rendered":"Quaresma, Yamal ou Ronaldo: os dez golos mais marcantes em 2025"},"content":{"rendered":"<p style=\"margin-bottom:11px\">Golos bonitos, h\u00e1 muitos. Todos os dias s\u00e3o marcados em muitas ligas, v\u00e1rios pa\u00edses, uns mais distantes ou obscuros do que outros. Mas alguns ficar\u00e3o certamente inscritos na mem\u00f3ria coletiva deste gigantesco globo que \u00e9 o futebol.<\/p>\n<p>Em mais um balan\u00e7o do ano que agora finda, o <strong>Maisfutebol <\/strong>recorda dez golos marcantes em 2025, tanto pela sua beleza como import\u00e2ncia individual e coletiva, nos maiores palcos mundiais.<\/p>\n<p>Na lista destacamos dois golos de jogadores portugueses e um de Viktor\u00a0Gy\u00f6keres. Os restantes foram marcados tanto em jogos de sele\u00e7\u00f5es como em competi\u00e7\u00f5es internacionais de clubes.<\/p>\n<p><a href=\"https:\/\/maisfutebol.iol.pt\/dossier\/dossier\/69444b1bd34e3caad84c90b4\" rel=\"nofollow noopener\" target=\"_blank\"><strong>Veja AQUI a lista dos dez golos mais marcantes em 2025.<\/strong><\/a><\/p>\n","protected":false},"excerpt":{"rendered":"Golos bonitos, h\u00e1 muitos. Todos os dias s\u00e3o marcados em muitas ligas, v\u00e1rios pa\u00edses, uns mais distantes ou&hellip;\n","protected":false},"author":2,"featured_media":202717,"comment_status":"","ping_status":"","sticky":false,"template":"","format":"standard","meta":{"footnotes":""},"categories":[87],"tags":[32377,40078,51,135,1691,40264,40262,40261,7912,46,40263,30130,33309,32,33,47,35862,34,134],"class_list":{"0":"post-202716","1":"post","2":"type-post","3":"status-publish","4":"format-standard","5":"has-post-thumbnail","7":"category-desporto","8":"tag-balanco","9":"tag-balanco-2025","10":"tag-benfica","11":"tag-desporto","12":"tag-diogo-jota","13":"tag-eduardo-quaresma","14":"tag-golos-de-2025","15":"tag-golos-do-ano","16":"tag-lamine-yamal","17":"tag-maisfutebol","18":"tag-melhores-golos-2025","19":"tag-mftotal","20":"tag-parrott","21":"tag-portugal","22":"tag-pt","23":"tag-pura-paixao","24":"tag-puskas","25":"tag-sporting","26":"tag-sports"},"share_on_mastodon":{"url":"https:\/\/pubeurope.com\/@pt\/115783446389972138","error":""},"_links":{"self":[{"href":"https:\/\/www.europesays.com\/pt\/wp-json\/wp\/v2\/posts\/202716","targetHints":{"allow":["GET"]}}],"collection":[{"href":"https:\/\/www.europesays.com\/pt\/wp-json\/wp\/v2\/posts"}],"about":[{"href":"https:\/\/www.europesays.com\/pt\/wp-json\/wp\/v2\/types\/post"}],"author":[{"embeddable":true,"href":"https:\/\/www.europesays.com\/pt\/wp-json\/wp\/v2\/users\/2"}],"replies":[{"embeddable":true,"href":"https:\/\/www.europesays.com\/pt\/wp-json\/wp\/v2\/comments?post=202716"}],"version-history":[{"count":0,"href":"https:\/\/www.europesays.com\/pt\/wp-json\/wp\/v2\/posts\/202716\/revisions"}],"wp:featuredmedia":[{"embeddable":true,"href":"https:\/\/www.europesays.com\/pt\/wp-json\/wp\/v2\/media\/202717"}],"wp:attachment":[{"href":"https:\/\/www.europesays.com\/pt\/wp-json\/wp\/v2\/media?parent=202716"}],"wp:term":[{"taxonomy":"category","embeddable":true,"href":"https:\/\/www.europesays.com\/pt\/wp-json\/wp\/v2\/categories?post=202716"},{"taxonomy":"post_tag","embeddable":true,"href":"https:\/\/www.europesays.com\/pt\/wp-json\/wp\/v2\/tags?post=202716"}],"curies":[{"name":"wp","href":"https:\/\/api.w.org\/{rel}","templated":true}]}}