{"id":202718,"date":"2025-12-26T02:12:20","date_gmt":"2025-12-26T02:12:20","guid":{"rendered":"https:\/\/www.europesays.com\/pt\/202718\/"},"modified":"2025-12-26T02:12:20","modified_gmt":"2025-12-26T02:12:20","slug":"natal-sem-culpa-como-melhorar-a-relacao-com-a-comida","status":"publish","type":"post","link":"https:\/\/www.europesays.com\/pt\/202718\/","title":{"rendered":"Natal sem culpa: como melhorar a rela\u00e7\u00e3o com a comida"},"content":{"rendered":"<p>\tNatal sem culpa: como melhorar a rela\u00e7\u00e3o com a comida | e-Global<\/p>\n<p>              &#13;<\/p>\n<p>&#13;<br \/>\n\t\t&#13;<\/p>\n<p>Este site utiliza cookies para permitir uma melhor experi\u00eancia por parte do utilizador. Ao navegar no site estar\u00e1 a consentir a sua utiliza\u00e7\u00e3o.OkN\u00e3oPol\u00edtica de Privacidade<\/p>\n<p>\t\t&#13;<\/p>\n","protected":false},"excerpt":{"rendered":"Natal sem culpa: como melhorar a rela\u00e7\u00e3o com a comida | e-Global &#13; &#13; &#13; Este site utiliza&hellip;\n","protected":false},"author":2,"featured_media":202719,"comment_status":"","ping_status":"","sticky":false,"template":"","format":"standard","meta":{"footnotes":""},"categories":[86],"tags":[489,116,32,33,117],"class_list":{"0":"post-202718","1":"post","2":"type-post","3":"status-publish","4":"format-standard","5":"has-post-thumbnail","7":"category-saude","8":"tag-destaque-principal","9":"tag-health","10":"tag-portugal","11":"tag-pt","12":"tag-saude"},"share_on_mastodon":{"url":"https:\/\/pubeurope.com\/@pt\/115783450588568304","error":""},"_links":{"self":[{"href":"https:\/\/www.europesays.com\/pt\/wp-json\/wp\/v2\/posts\/202718","targetHints":{"allow":["GET"]}}],"collection":[{"href":"https:\/\/www.europesays.com\/pt\/wp-json\/wp\/v2\/posts"}],"about":[{"href":"https:\/\/www.europesays.com\/pt\/wp-json\/wp\/v2\/types\/post"}],"author":[{"embeddable":true,"href":"https:\/\/www.europesays.com\/pt\/wp-json\/wp\/v2\/users\/2"}],"replies":[{"embeddable":true,"href":"https:\/\/www.europesays.com\/pt\/wp-json\/wp\/v2\/comments?post=202718"}],"version-history":[{"count":0,"href":"https:\/\/www.europesays.com\/pt\/wp-json\/wp\/v2\/posts\/202718\/revisions"}],"wp:featuredmedia":[{"embeddable":true,"href":"https:\/\/www.europesays.com\/pt\/wp-json\/wp\/v2\/media\/202719"}],"wp:attachment":[{"href":"https:\/\/www.europesays.com\/pt\/wp-json\/wp\/v2\/media?parent=202718"}],"wp:term":[{"taxonomy":"category","embeddable":true,"href":"https:\/\/www.europesays.com\/pt\/wp-json\/wp\/v2\/categories?post=202718"},{"taxonomy":"post_tag","embeddable":true,"href":"https:\/\/www.europesays.com\/pt\/wp-json\/wp\/v2\/tags?post=202718"}],"curies":[{"name":"wp","href":"https:\/\/api.w.org\/{rel}","templated":true}]}}