{"id":202732,"date":"2025-12-26T02:27:44","date_gmt":"2025-12-26T02:27:44","guid":{"rendered":"https:\/\/www.europesays.com\/pt\/202732\/"},"modified":"2025-12-26T02:27:44","modified_gmt":"2025-12-26T02:27:44","slug":"ca-em-casa-temos-um-pinheiro-vazio-catarina-gouveia-deixa-mensagem-emotiva-em-vespera-de-natal","status":"publish","type":"post","link":"https:\/\/www.europesays.com\/pt\/202732\/","title":{"rendered":"\u201cC\u00e1 em casa temos um pinheiro vazio\u201d: Catarina Gouveia deixa mensagem emotiva em v\u00e9spera de Natal"},"content":{"rendered":"<p data-end=\"525\" data-start=\"236\">Para a influencer <a href=\"https:\/\/tvi.iol.pt\/vmais\/videos\/catarina-gouveia-em-extase-no-brasil-diz-que-nunca-foi-tao-feliz\/679785320cf2ba9f720e90d0\" rel=\"nofollow noopener\" target=\"_blank\"><strong data-end=\"274\" data-start=\"254\">Catarina Gouveia<\/strong>, <\/a>de <strong data-end=\"290\" data-start=\"279\">38 anos<\/strong>, a \u00e9poca natal\u00edcia est\u00e1 longe de ser sin\u00f3nimo de consumismo. Pelo contr\u00e1rio, a criadora de conte\u00fados digitais acredita que o <strong data-end=\"458\" data-start=\"416\">Natal deve ser vivido com simplicidade<\/strong>, focado apenas no que verdadeiramente importa: <strong data-end=\"524\" data-start=\"506\">estar presente<\/strong>.<\/p>\n<p data-end=\"799\" data-start=\"527\">Conhecida pela sua autenticidade e proximidade com os seguidores, Catarina decidiu partilhar uma <strong data-end=\"656\" data-start=\"624\">resolu\u00e7\u00e3o pessoal e familiar<\/strong> que marcou este Natal. Este ano, na sua casa, <strong data-end=\"736\" data-start=\"703\">n\u00e3o haver\u00e1 troca de presentes<\/strong>, uma decis\u00e3o consciente e alinhada com os valores que defende. A influencer explicou de forma clara e emotiva a sua escolha:\u00a0<strong data-end=\"1079\" data-start=\"931\">\u201cC\u00e1 em casa temos um pinheiro vazio de presentes, mas cheio do esp\u00edrito do que verdadeiramente importa: amor, uni\u00e3o, fam\u00edlia, paz e serenidade.\u201d<\/strong><\/p>\n<p data-end=\"799\" data-start=\"527\"><strong data-end=\"1079\" data-start=\"931\"><img loading=\"lazy\" decoding=\"async\" alt=\"\" height=\"178\" src=\"https:\/\/www.europesays.com\/pt\/wp-content\/uploads\/2025\/12\/694bde06d34e2bd5c6d57e6b.webp\" width=\"100\"\/><\/strong><\/p>\n<p data-end=\"1423\" data-start=\"1083\">Aproveitando o facto de ser ela a receber a fam\u00edlia para a celebra\u00e7\u00e3o natal\u00edcia, Catarina fez um pedido simples: <strong data-end=\"1240\" data-start=\"1196\">n\u00e3o realizar a habitual troca de prendas<\/strong>. Ainda assim, houve exce\u00e7\u00f5es pensadas com carinho.<br data-end=\"1294\" data-start=\"1291\"\/> <strong data-end=\"1410\" data-start=\"1294\">\u201cOferecemos apenas um presente aos nossos sobrinhos e \u00e0 minha cunhada e sogra, que fazem anos agora em dezembro\u201d<\/strong>, esclareceu.<\/p>\n<p data-end=\"1778\" data-start=\"1480\">Para Catarina Gouveia, o Natal vai muito al\u00e9m dos objetos materiais.\u00a0<strong data-end=\"1665\" data-start=\"1551\">\u201cPrecisamente por isto, porque o Natal \u00e9 a celebra\u00e7\u00e3o do amor em gestos, em cuidado, em presen\u00e7a e em verdade\u201d<\/strong>, afirmou, refor\u00e7ando a ideia de que a ess\u00eancia da quadra reside nas rela\u00e7\u00f5es humanas e nos momentos partilhados.<\/p>\n<p data-end=\"2081\" data-start=\"1820\">A influencer fez ainda quest\u00e3o de sublinhar que esta decis\u00e3o <strong data-end=\"1915\" data-start=\"1881\">faz sentido para a sua fam\u00edlia<\/strong>, sem a pretens\u00e3o de impor regras ou julgamentos. O seu maior desejo \u00e9 que a filha, <strong data-end=\"2012\" data-start=\"1999\">Esperan\u00e7a<\/strong>, cres\u00e7a com mem\u00f3rias do Natal <strong data-end=\"2080\" data-start=\"2043\">ligadas \u00e0 sua verdadeira ess\u00eancia<\/strong>.<\/p>\n<p data-end=\"2330\" data-start=\"2083\"><strong data-end=\"2187\" data-start=\"2083\">\u201cO mais importante para mim \u00e9 que a Esperan\u00e7a crie mem\u00f3rias do Natal conectadas \u00e0 ess\u00eancia do Natal\u201d<\/strong>, revelou, acrescentando que <strong data-end=\"2257\" data-start=\"2216\">n\u00e3o existe um caminho certo ou errado<\/strong>, apenas escolhas conscientes e alinhadas com os valores de cada fam\u00edlia.\u00a0Com esta posi\u00e7\u00e3o, <strong data-end=\"2370\" data-start=\"2350\">Catarina Gouveia<\/strong> volta a destacar-se pela mensagem de equil\u00edbrio, autenticidade e reflex\u00e3o, convidando os seguidores a repensar o significado do Natal para al\u00e9m do consumismo.<\/p>\n<p data-end=\"2330\" data-start=\"2083\">Relembre-se que a atriz fez parte da temporada 6 dos Morangos com A\u00e7\u00facar com a personagem \u00abF\u00e1tima\u00bb:<\/p>\n<p data-end=\"2529\" data-start=\"2332\">\u00a0<\/p>\n","protected":false},"excerpt":{"rendered":"Para a influencer Catarina Gouveia, de 38 anos, a \u00e9poca natal\u00edcia est\u00e1 longe de ser sin\u00f3nimo de consumismo.&hellip;\n","protected":false},"author":2,"featured_media":202733,"comment_status":"","ping_status":"","sticky":false,"template":"","format":"standard","meta":{"footnotes":""},"categories":[85],"tags":[73,72,66,1171,3864,114,115,77,69,75,7561,71,67,32,33,76,74,70,35,78,68],"class_list":{"0":"post-202732","1":"post","2":"type-post","3":"status-publish","4":"format-standard","5":"has-post-thumbnail","7":"category-entretenimento","8":"tag-a-jornada","9":"tag-bate-bola","10":"tag-bom-dia-alegria","11":"tag-catarina-gouveia","12":"tag-desabafo","13":"tag-entertainment","14":"tag-entretenimento","15":"tag-estudio-estadio","16":"tag-fanaticos","17":"tag-livre-e-direto","18":"tag-natal","19":"tag-nova-geracao","20":"tag-para-si","21":"tag-portugal","22":"tag-pt","23":"tag-segredos-do-prazer","24":"tag-segue-o-jogo","25":"tag-super-craques","26":"tag-transferencias","27":"tag-v-fama","28":"tag-var-aberto"},"share_on_mastodon":{"url":"https:\/\/pubeurope.com\/@pt\/115783509475628711","error":""},"_links":{"self":[{"href":"https:\/\/www.europesays.com\/pt\/wp-json\/wp\/v2\/posts\/202732","targetHints":{"allow":["GET"]}}],"collection":[{"href":"https:\/\/www.europesays.com\/pt\/wp-json\/wp\/v2\/posts"}],"about":[{"href":"https:\/\/www.europesays.com\/pt\/wp-json\/wp\/v2\/types\/post"}],"author":[{"embeddable":true,"href":"https:\/\/www.europesays.com\/pt\/wp-json\/wp\/v2\/users\/2"}],"replies":[{"embeddable":true,"href":"https:\/\/www.europesays.com\/pt\/wp-json\/wp\/v2\/comments?post=202732"}],"version-history":[{"count":0,"href":"https:\/\/www.europesays.com\/pt\/wp-json\/wp\/v2\/posts\/202732\/revisions"}],"wp:featuredmedia":[{"embeddable":true,"href":"https:\/\/www.europesays.com\/pt\/wp-json\/wp\/v2\/media\/202733"}],"wp:attachment":[{"href":"https:\/\/www.europesays.com\/pt\/wp-json\/wp\/v2\/media?parent=202732"}],"wp:term":[{"taxonomy":"category","embeddable":true,"href":"https:\/\/www.europesays.com\/pt\/wp-json\/wp\/v2\/categories?post=202732"},{"taxonomy":"post_tag","embeddable":true,"href":"https:\/\/www.europesays.com\/pt\/wp-json\/wp\/v2\/tags?post=202732"}],"curies":[{"name":"wp","href":"https:\/\/api.w.org\/{rel}","templated":true}]}}