{"id":202738,"date":"2025-12-26T02:36:51","date_gmt":"2025-12-26T02:36:51","guid":{"rendered":"https:\/\/www.europesays.com\/pt\/202738\/"},"modified":"2025-12-26T02:36:51","modified_gmt":"2025-12-26T02:36:51","slug":"vera-com-agenda-cheia-para-2026-alem-das-presencas-ha-um-segredo-bem-guardado-dois-as-10","status":"publish","type":"post","link":"https:\/\/www.europesays.com\/pt\/202738\/","title":{"rendered":"Vera com agenda cheia para 2026. Al\u00e9m das presen\u00e7as, h\u00e1 um segredo bem guardado &#8211; Dois \u00e0s 10"},"content":{"rendered":"<p>                        De regresso \u00e0 vida p\u00fablica, Vera olha agora para o futuro com ambi\u00e7\u00e3o e confian\u00e7a. No Dois \u00e0s 10, a ex-concorrente revelou que tem a agenda preenchida para os pr\u00f3ximos meses, com presen\u00e7as, eventos e at\u00e9 um papel especial j\u00e1 confirmado \u2014 ainda em segredo.<\/p>\n<p data-end=\"4262\" data-start=\"4001\">Depois de semanas intensas, Vera olha agora para o futuro com entusiasmo e muitos projetos em carteira. No Dois \u00e0s 10, a ex-concorrente revelou que regressou em for\u00e7a \u00e0s presen\u00e7as em festas e discotecas e que a agenda est\u00e1 preenchida at\u00e9 junho do pr\u00f3ximo ano.<\/p>\n<p data-end=\"4580\" data-start=\"4264\"><strong>\u00abTenho datas marcadas at\u00e9 junho\u00bb<\/strong>, contou, revelando que o pr\u00f3ximo ano promete ser de muito trabalho. Entre os projetos j\u00e1 confirmados, h\u00e1 um papel especial que deixou os apresentadores curiosos: Vera ser\u00e1 rainha de um Carnaval \u2014 mas, por enquanto, o local permanece em segredo. <strong>\u00ab\u00c9 segredo ainda\u00bb, <\/strong>disse, entre risos.<\/p>\n<p data-end=\"4781\" data-start=\"4582\">Depois de uma experi\u00eancia intensa na Casa dos Segredos 9, Vera mostra-se focada, determinada e pronta para aproveitar as novas oportunidades, mantendo sempre como prioridade o bem-estar das filhas.<\/p>\n","protected":false},"excerpt":{"rendered":"De regresso \u00e0 vida p\u00fablica, Vera olha agora para o futuro com ambi\u00e7\u00e3o e confian\u00e7a. No Dois \u00e0s&hellip;\n","protected":false},"author":2,"featured_media":202739,"comment_status":"","ping_status":"","sticky":false,"template":"","format":"standard","meta":{"footnotes":""},"categories":[142],"tags":[329,166,3412,3406,3409,801,3410,3411,3407,3408,114,115,3413,338,32,33,1315,151,11841],"class_list":{"0":"post-202738","1":"post","2":"type-post","3":"status-publish","4":"format-standard","5":"has-post-thumbnail","7":"category-tv","8":"tag-claudio-ramos","9":"tag-cristina-ferreira","10":"tag-dois-10","11":"tag-dois-a-s-10-dois-a-s-10","12":"tag-dois-a-s-dez","13":"tag-dois-as-10","14":"tag-dois-as-dez","15":"tag-dois-dez","16":"tag-doisas10","17":"tag-doisasdez","18":"tag-entertainment","19":"tag-entretenimento","20":"tag-manha-tvi","21":"tag-maria-botelho-moniz","22":"tag-portugal","23":"tag-pt","24":"tag-secret-story","25":"tag-tv","26":"tag-vera"},"share_on_mastodon":{"url":"https:\/\/pubeurope.com\/@pt\/115783548505045759","error":""},"_links":{"self":[{"href":"https:\/\/www.europesays.com\/pt\/wp-json\/wp\/v2\/posts\/202738","targetHints":{"allow":["GET"]}}],"collection":[{"href":"https:\/\/www.europesays.com\/pt\/wp-json\/wp\/v2\/posts"}],"about":[{"href":"https:\/\/www.europesays.com\/pt\/wp-json\/wp\/v2\/types\/post"}],"author":[{"embeddable":true,"href":"https:\/\/www.europesays.com\/pt\/wp-json\/wp\/v2\/users\/2"}],"replies":[{"embeddable":true,"href":"https:\/\/www.europesays.com\/pt\/wp-json\/wp\/v2\/comments?post=202738"}],"version-history":[{"count":0,"href":"https:\/\/www.europesays.com\/pt\/wp-json\/wp\/v2\/posts\/202738\/revisions"}],"wp:featuredmedia":[{"embeddable":true,"href":"https:\/\/www.europesays.com\/pt\/wp-json\/wp\/v2\/media\/202739"}],"wp:attachment":[{"href":"https:\/\/www.europesays.com\/pt\/wp-json\/wp\/v2\/media?parent=202738"}],"wp:term":[{"taxonomy":"category","embeddable":true,"href":"https:\/\/www.europesays.com\/pt\/wp-json\/wp\/v2\/categories?post=202738"},{"taxonomy":"post_tag","embeddable":true,"href":"https:\/\/www.europesays.com\/pt\/wp-json\/wp\/v2\/tags?post=202738"}],"curies":[{"name":"wp","href":"https:\/\/api.w.org\/{rel}","templated":true}]}}