{"id":202740,"date":"2025-12-26T02:40:19","date_gmt":"2025-12-26T02:40:19","guid":{"rendered":"https:\/\/www.europesays.com\/pt\/202740\/"},"modified":"2025-12-26T02:40:19","modified_gmt":"2025-12-26T02:40:19","slug":"video-liverpool-proporciona-a-mais-bela-surpresa-deste-natal","status":"publish","type":"post","link":"https:\/\/www.europesays.com\/pt\/202740\/","title":{"rendered":"V\u00cdDEO: Liverpool proporciona a mais bela surpresa deste Natal"},"content":{"rendered":"<p>Uma bela hist\u00f3ria, uma prova de supera\u00e7\u00e3o de uma adepta especial. O Liverpool partilhou neste Natal aquele que \u00e9 seguramente um dos mais bonitos v\u00eddeos que vai ver nesta quadra.<\/p>\n<p>O clube do Merseyside proporcionou uma bela surpresa a Reagan, uma adepta com S\u00edndrome de Down, que abra\u00e7ou a arte da costura e um nobre prop\u00f3sito de vida, ao dinamizar a funda\u00e7\u00e3o Silly\u00a0Goose, para apoiar jovens e fam\u00edlias que t\u00eam esta condi\u00e7\u00e3o.<\/p>\n<p>A jovem que completou 24 anos a 3 de dezembro, teve o melhor dos presentes nesse dia. Depois de receber no seu atelier o guarda-redes\u00a0Alisson e at\u00e9 o ter ensinado a costurar, teve o convite para visitar Anfield na data do seu anivers\u00e1rio.<\/p>\n<p>A 3 de dezembro, no jogo do Liverpool contra o Sunderland, privou de perto com o plantel dos \u00abReds\u00bb, conhecendo do t\u00e9cnico\u00a0Arne Slot ao seu jogador preferido, o norte-irland\u00eas Conor Bradley.<\/p>\n<p>Reagen foi acompanhada pelos pais, Colin e Vicky, que ao contr\u00e1rio da filha \u00e9 uma indefet\u00edvel do rival da cidade, Everton. Tudo acaba de uma forma emocionante, que vale a pena ver.<\/p>\n<p><strong>Veja aqui este v\u00eddeo emocionante:<\/strong><\/p>\n","protected":false},"excerpt":{"rendered":"Uma bela hist\u00f3ria, uma prova de supera\u00e7\u00e3o de uma adepta especial. O Liverpool partilhou neste Natal aquele que&hellip;\n","protected":false},"author":2,"featured_media":202741,"comment_status":"","ping_status":"","sticky":false,"template":"","format":"standard","meta":{"footnotes":""},"categories":[87],"tags":[1693,135,665,82,960,46,7561,32,33,47,40266,134],"class_list":{"0":"post-202740","1":"post","2":"type-post","3":"status-publish","4":"format-standard","5":"has-post-thumbnail","7":"category-desporto","8":"tag-anfield","9":"tag-desporto","10":"tag-inglaterra","11":"tag-internacional","12":"tag-liverpool","13":"tag-maisfutebol","14":"tag-natal","15":"tag-portugal","16":"tag-pt","17":"tag-pura-paixao","18":"tag-reagen","19":"tag-sports"},"share_on_mastodon":{"url":"https:\/\/pubeurope.com\/@pt\/115783560523643392","error":""},"_links":{"self":[{"href":"https:\/\/www.europesays.com\/pt\/wp-json\/wp\/v2\/posts\/202740","targetHints":{"allow":["GET"]}}],"collection":[{"href":"https:\/\/www.europesays.com\/pt\/wp-json\/wp\/v2\/posts"}],"about":[{"href":"https:\/\/www.europesays.com\/pt\/wp-json\/wp\/v2\/types\/post"}],"author":[{"embeddable":true,"href":"https:\/\/www.europesays.com\/pt\/wp-json\/wp\/v2\/users\/2"}],"replies":[{"embeddable":true,"href":"https:\/\/www.europesays.com\/pt\/wp-json\/wp\/v2\/comments?post=202740"}],"version-history":[{"count":0,"href":"https:\/\/www.europesays.com\/pt\/wp-json\/wp\/v2\/posts\/202740\/revisions"}],"wp:featuredmedia":[{"embeddable":true,"href":"https:\/\/www.europesays.com\/pt\/wp-json\/wp\/v2\/media\/202741"}],"wp:attachment":[{"href":"https:\/\/www.europesays.com\/pt\/wp-json\/wp\/v2\/media?parent=202740"}],"wp:term":[{"taxonomy":"category","embeddable":true,"href":"https:\/\/www.europesays.com\/pt\/wp-json\/wp\/v2\/categories?post=202740"},{"taxonomy":"post_tag","embeddable":true,"href":"https:\/\/www.europesays.com\/pt\/wp-json\/wp\/v2\/tags?post=202740"}],"curies":[{"name":"wp","href":"https:\/\/api.w.org\/{rel}","templated":true}]}}