{"id":202742,"date":"2025-12-26T02:41:09","date_gmt":"2025-12-26T02:41:09","guid":{"rendered":"https:\/\/www.europesays.com\/pt\/202742\/"},"modified":"2025-12-26T02:41:09","modified_gmt":"2025-12-26T02:41:09","slug":"sintomas-de-doenca-grave-vem-crescendo-entre-os-brasileiros-e-ja-atinge-milhoes-de-pessoas","status":"publish","type":"post","link":"https:\/\/www.europesays.com\/pt\/202742\/","title":{"rendered":"Sintomas de doen\u00e7a grave vem crescendo entre os brasileiros e j\u00e1 atinge milh\u00f5es de pessoas"},"content":{"rendered":"<p>\n\t\t\t\t\t\tA anedonia \u00e9 definida como a perda total ou parcial da capacidade de sentir prazer em atividades antes agrad\u00e1veis \/ ImageFX\n\t\t\t\t\t<\/p>\n<p>Voc\u00ea j\u00e1 sentiu que as coisas que antes te faziam sorrir perderam totalmente a gra\u00e7a? Esse vazio profundo tem nome: Anedonia.<\/p>\n<p><strong>Fa\u00e7a parte do grupo do Di\u00e1rio no <\/strong><a href=\"https:\/\/bit.ly\/CanalDiarioDoLitoral\" target=\"_blank\" rel=\"nofollow noopener\">WhatsApp<\/a> <strong>e<\/strong> <a href=\"https:\/\/t.me\/diariodolitoral\" target=\"_blank\" rel=\"nofollow\">Telegram<\/a><strong>.<br \/>Mantenha-se bem informado.<\/strong><\/p>\n<p>O termo, que soa estranho para muitos, descreve a incapacidade de sentir prazer em atividades simples, como tomar um caf\u00e9 com amigos, ouvir m\u00fasica ou praticar um hobby.\u00a0\n\t\t\t<\/p>\n<p class=\"texto-continue listagem-detalhe\">Continua depois da publicidade<\/p>\n<p>Mais do que um des\u00e2nimo passageiro, esse sinal de alerta j\u00e1 atinge mais de 11,5 milh\u00f5es de pessoas no <a href=\"https:\/\/www.diariodolitoral.com.br\/tags\/brasil\/\" rel=\"nofollow noopener\" target=\"_blank\">Brasil<\/a>, segundo dados da Organiza\u00e7\u00e3o Mundial da <a href=\"https:\/\/www.diariodolitoral.com.br\/tags\/saude\/\" rel=\"nofollow noopener\" target=\"_blank\">Sa\u00fade<\/a> (OMS).<\/p>\n<p>&#8220;Ladr\u00e3o de Prazer&#8221;<\/p>\n<p>A anedonia n\u00e3o aparece sozinha. Ela funciona como um sinalizador de que algo mais grave pode estar acontecendo com o organismo.\u00a0\n\t\t\t<\/p>\n<p class=\"texto-continue listagem-detalhe\">Continua depois da publicidade<\/p>\n<p>Embora seja o principal pilar da depress\u00e3o e da ansiedade, esse &#8220;bloqueio emocional&#8221; tamb\u00e9m est\u00e1 presente em doen\u00e7as neurol\u00f3gicas s\u00e9rias, como o Mal de Parkinson e a Esquizofrenia.<\/p>\n<p>O perigo mora na sua forma silenciosa de agir. A pessoa afetada come\u00e7a a notar:<\/p>\n<ul>&#13;<\/p>\n<li>Perda total de interesse em intera\u00e7\u00f5es sociais.<\/li>\n<p>&#13;<\/p>\n<li>Altera\u00e7\u00f5es dr\u00e1sticas no sono (ins\u00f4nia ou cansa\u00e7o excessivo).<\/li>\n<p>&#13;<\/p>\n<li>Queda acentuada na libido e na capacidade de concentra\u00e7\u00e3o.<\/li>\n<p>&#13;<\/p>\n<li>Uma sensa\u00e7\u00e3o constante de &#8220;anestesia&#8221; emocional.\u00a0<\/li>\n<p>&#13;\n<\/ul>\n<p>Al\u00e9m do psicol\u00f3gico<\/p>\n<p>N\u00e3o s\u00e3o apenas os transtornos mentais que alimentam esse quadro. O uso prolongado de certas subst\u00e2ncias, traumas severos e at\u00e9 o efeito colateral de alguns medicamentos antidepressivos podem, ironicamente, agravar a falta de prazer. \u00c9 um ciclo vicioso que exige um diagn\u00f3stico preciso para ser quebrado.\n\t\t\t<\/p>\n<p class=\"texto-continue listagem-detalhe\">Continua depois da publicidade<\/p>\n<p><strong>Dica do editor:\u00a0<\/strong><a href=\"https:\/\/www.diariodolitoral.com.br\/cotidiano\/especialistas-recomendam-exercicio-esquecido-como-ideal-para-manter-a-\/208774\/\" rel=\"nofollow noopener\" target=\"_blank\">Especialistas recomendam exerc\u00edcio esquecido como ideal para manter a sa\u00fade ap\u00f3s 60 anos.<\/a><\/p>\n<p>Existe caminho de volta?<\/p>\n<p>A boa not\u00edcia \u00e9 que, por ser um sintoma e n\u00e3o uma doen\u00e7a isolada, a anedonia pode ser revertida ao tratar a causa raiz. O suporte multidisciplinar, unindo psiquiatras e psic\u00f3logos, \u00e9 essencial.\u00a0<\/p>\n<p>Terapias focadas no comportamento e o ajuste medicamentoso correto devolvem ao paciente a cor e a vivacidade que a rotina parecia ter perdido. Identificar os sinais cedo \u00e9 o primeiro passo para recuperar a vontade de viver plenamente.\n\t\t\t<\/p>\n<p class=\"texto-continue listagem-detalhe\">Continua depois da publicidade<\/p>\n<p>Principais pontos:<\/p>\n<ul>&#13;<\/p>\n<li>A anedonia \u00e9 definida como a perda total ou parcial da capacidade de sentir prazer em atividades antes agrad\u00e1veis<\/li>\n<p>&#13;<\/p>\n<li>Dados da OMS revelam que mais de 11,5 milh\u00f5es de brasileiros j\u00e1 convivem com esse problema de sa\u00fade mental<\/li>\n<p>&#13;<\/p>\n<li>O quadro n\u00e3o \u00e9 uma doen\u00e7a \u00fanica mas sim um sintoma ligado a condi\u00e7\u00f5es graves como depress\u00e3o esquizofrenia e Parkinson<\/li>\n<p>&#13;<\/p>\n<li>Sintomas f\u00edsicos e cognitivos como ins\u00f4nia falta de concentra\u00e7\u00e3o e perda de libido costumam acompanhar o dist\u00farbio<\/li>\n<p>&#13;<\/p>\n<li>Fatores como estresse p\u00f3s-traum\u00e1tico e uso de subst\u00e2ncias psicoativas podem desencadear o surgimento do sintoma<\/li>\n<p>&#13;<\/p>\n<li>O uso inadequado ou prolongado de certos medicamentos pode mascarar ou at\u00e9 piorar a incapacidade de sentir alegria<\/li>\n<p>&#13;<\/p>\n<li>O tratamento eficaz exige uma abordagem multidisciplinar para identificar e tratar a origem neurol\u00f3gica ou psicol\u00f3gica do problema<\/li>\n<p>&#13;\n<\/ul>\n","protected":false},"excerpt":{"rendered":"A anedonia \u00e9 definida como a perda total ou parcial da capacidade de sentir prazer em atividades antes&hellip;\n","protected":false},"author":2,"featured_media":202743,"comment_status":"","ping_status":"","sticky":false,"template":"","format":"standard","meta":{"footnotes":""},"categories":[86],"tags":[726,116,32,33,117],"class_list":{"0":"post-202742","1":"post","2":"type-post","3":"status-publish","4":"format-standard","5":"has-post-thumbnail","7":"category-saude","8":"tag-brasil","9":"tag-health","10":"tag-portugal","11":"tag-pt","12":"tag-saude"},"share_on_mastodon":{"url":"https:\/\/pubeurope.com\/@pt\/115783564268739633","error":""},"_links":{"self":[{"href":"https:\/\/www.europesays.com\/pt\/wp-json\/wp\/v2\/posts\/202742","targetHints":{"allow":["GET"]}}],"collection":[{"href":"https:\/\/www.europesays.com\/pt\/wp-json\/wp\/v2\/posts"}],"about":[{"href":"https:\/\/www.europesays.com\/pt\/wp-json\/wp\/v2\/types\/post"}],"author":[{"embeddable":true,"href":"https:\/\/www.europesays.com\/pt\/wp-json\/wp\/v2\/users\/2"}],"replies":[{"embeddable":true,"href":"https:\/\/www.europesays.com\/pt\/wp-json\/wp\/v2\/comments?post=202742"}],"version-history":[{"count":0,"href":"https:\/\/www.europesays.com\/pt\/wp-json\/wp\/v2\/posts\/202742\/revisions"}],"wp:featuredmedia":[{"embeddable":true,"href":"https:\/\/www.europesays.com\/pt\/wp-json\/wp\/v2\/media\/202743"}],"wp:attachment":[{"href":"https:\/\/www.europesays.com\/pt\/wp-json\/wp\/v2\/media?parent=202742"}],"wp:term":[{"taxonomy":"category","embeddable":true,"href":"https:\/\/www.europesays.com\/pt\/wp-json\/wp\/v2\/categories?post=202742"},{"taxonomy":"post_tag","embeddable":true,"href":"https:\/\/www.europesays.com\/pt\/wp-json\/wp\/v2\/tags?post=202742"}],"curies":[{"name":"wp","href":"https:\/\/api.w.org\/{rel}","templated":true}]}}